{"id":1043,"date":"2025-11-22T12:00:59","date_gmt":"2025-11-22T11:00:59","guid":{"rendered":"https:\/\/saintquentinenvermandois.fr\/?p=1043"},"modified":"2025-11-22T17:24:48","modified_gmt":"2025-11-22T16:24:48","slug":"temps-fort-de-lavent-2","status":"publish","type":"post","link":"https:\/\/saintquentinenvermandois.fr\/?p=1043","title":{"rendered":"Temps fort de l&#8217;Avent"},"content":{"rendered":"<p>Ce matin tous les enfants du cat\u00e9, de l&#8217;\u00e9veil \u00e0 la foi jusqu&#8217;au 4i\u00e8me ann\u00e9es, \u00e9taient r\u00e9unis pour d\u00e9couvrir le temps de l&#8217;Avent qui arrive et qui va nous amener jusqu&#8217;\u00e0 No\u00ebl. Apr\u00e8s avoir chant\u00e9 et regard\u00e9 une vid\u00e9o expliquant ce qu&#8217;est l&#8217;Avent, les enfants ont d\u00e9couvert l&#8217;histoire de la cr\u00e8che de No\u00ebl et de tous les personnages qui la compose. Puis dans la chapelle de l&#8217;\u00e9glise Saint Martin, le p\u00e8re Jean-Roger nous a donn\u00e9 la signification des 4 bougies qui seront allum\u00e9es une \u00e0 une tout au long des 4 dimanches de l&#8217;Avent. Puis les enfants ont lu les pri\u00e8res qu&#8217;ils ont pr\u00e9par\u00e9es pour l&#8217;Avent. Pour finir nous avons chant\u00e9 Notre P\u00e8re et Je vous salue Marie. Les enfants sont maintenant pr\u00eats \u00e0 pr\u00e9parer No\u00ebl dans leur c\u0153ur !<\/p>\n<p><img loading=\"lazy\" decoding=\"async\" class=\"wp-image-1050 aligncenter\" src=\"http:\/\/saintquentinenvermandois.fr\/wp-content\/uploads\/2025\/11\/Avent-2025-6-300x135.jpg\" alt=\"\" width=\"971\" height=\"437\" srcset=\"https:\/\/saintquentinenvermandois.fr\/wp-content\/uploads\/2025\/11\/Avent-2025-6-300x135.jpg 300w, https:\/\/saintquentinenvermandois.fr\/wp-content\/uploads\/2025\/11\/Avent-2025-6-1024x461.jpg 1024w, https:\/\/saintquentinenvermandois.fr\/wp-content\/uploads\/2025\/11\/Avent-2025-6-768x346.jpg 768w, https:\/\/saintquentinenvermandois.fr\/wp-content\/uploads\/2025\/11\/Avent-2025-6-1536x691.jpg 1536w, https:\/\/saintquentinenvermandois.fr\/wp-content\/uploads\/2025\/11\/Avent-2025-6-1232x554.jpg 1232w, https:\/\/saintquentinenvermandois.fr\/wp-content\/uploads\/2025\/11\/Avent-2025-6-1920x864.jpg 1920w, https:\/\/saintquentinenvermandois.fr\/wp-content\/uploads\/2025\/11\/Avent-2025-6.jpg 2000w\" sizes=\"auto, (max-width: 971px) 100vw, 971px\" \/><img loading=\"lazy\" decoding=\"async\" class=\"wp-image-1049 aligncenter\" src=\"http:\/\/saintquentinenvermandois.fr\/wp-content\/uploads\/2025\/11\/Avent-2025-5-300x169.jpg\" alt=\"\" width=\"976\" height=\"550\" srcset=\"https:\/\/saintquentinenvermandois.fr\/wp-content\/uploads\/2025\/11\/Avent-2025-5-300x169.jpg 300w, https:\/\/saintquentinenvermandois.fr\/wp-content\/uploads\/2025\/11\/Avent-2025-5-1024x576.jpg 1024w, https:\/\/saintquentinenvermandois.fr\/wp-content\/uploads\/2025\/11\/Avent-2025-5-768x432.jpg 768w, https:\/\/saintquentinenvermandois.fr\/wp-content\/uploads\/2025\/11\/Avent-2025-5-1536x864.jpg 1536w, https:\/\/saintquentinenvermandois.fr\/wp-content\/uploads\/2025\/11\/Avent-2025-5-2048x1153.jpg 2048w, https:\/\/saintquentinenvermandois.fr\/wp-content\/uploads\/2025\/11\/Avent-2025-5-1232x693.jpg 1232w, https:\/\/saintquentinenvermandois.fr\/wp-content\/uploads\/2025\/11\/Avent-2025-5-1920x1080.jpg 1920w\" sizes=\"auto, (max-width: 976px) 100vw, 976px\" \/><img loading=\"lazy\" decoding=\"async\" class=\"wp-image-1048 aligncenter\" src=\"http:\/\/saintquentinenvermandois.fr\/wp-content\/uploads\/2025\/11\/Avent-2025-4-169x300.jpg\" alt=\"\" width=\"436\" height=\"774\" srcset=\"https:\/\/saintquentinenvermandois.fr\/wp-content\/uploads\/2025\/11\/Avent-2025-4-169x300.jpg 169w, https:\/\/saintquentinenvermandois.fr\/wp-content\/uploads\/2025\/11\/Avent-2025-4-576x1024.jpg 576w, https:\/\/saintquentinenvermandois.fr\/wp-content\/uploads\/2025\/11\/Avent-2025-4-768x1365.jpg 768w, https:\/\/saintquentinenvermandois.fr\/wp-content\/uploads\/2025\/11\/Avent-2025-4-864x1536.jpg 864w, https:\/\/saintquentinenvermandois.fr\/wp-content\/uploads\/2025\/11\/Avent-2025-4-1153x2048.jpg 1153w, https:\/\/saintquentinenvermandois.fr\/wp-content\/uploads\/2025\/11\/Avent-2025-4-1232x2189.jpg 1232w, https:\/\/saintquentinenvermandois.fr\/wp-content\/uploads\/2025\/11\/Avent-2025-4-608x1080.jpg 608w, https:\/\/saintquentinenvermandois.fr\/wp-content\/uploads\/2025\/11\/Avent-2025-4-scaled.jpg 1441w\" sizes=\"auto, (max-width: 436px) 100vw, 436px\" \/> <img loading=\"lazy\" decoding=\"async\" class=\"wp-image-1047 aligncenter\" src=\"http:\/\/saintquentinenvermandois.fr\/wp-content\/uploads\/2025\/11\/Avent-2025-3-169x300.jpg\" alt=\"\" width=\"438\" height=\"778\" srcset=\"https:\/\/saintquentinenvermandois.fr\/wp-content\/uploads\/2025\/11\/Avent-2025-3-169x300.jpg 169w, https:\/\/saintquentinenvermandois.fr\/wp-content\/uploads\/2025\/11\/Avent-2025-3-576x1024.jpg 576w, https:\/\/saintquentinenvermandois.fr\/wp-content\/uploads\/2025\/11\/Avent-2025-3-768x1365.jpg 768w, https:\/\/saintquentinenvermandois.fr\/wp-content\/uploads\/2025\/11\/Avent-2025-3-864x1536.jpg 864w, https:\/\/saintquentinenvermandois.fr\/wp-content\/uploads\/2025\/11\/Avent-2025-3-1153x2048.jpg 1153w, https:\/\/saintquentinenvermandois.fr\/wp-content\/uploads\/2025\/11\/Avent-2025-3-1232x2189.jpg 1232w, https:\/\/saintquentinenvermandois.fr\/wp-content\/uploads\/2025\/11\/Avent-2025-3-608x1080.jpg 608w, https:\/\/saintquentinenvermandois.fr\/wp-content\/uploads\/2025\/11\/Avent-2025-3-scaled.jpg 1441w\" sizes=\"auto, (max-width: 438px) 100vw, 438px\" \/><img loading=\"lazy\" decoding=\"async\" class=\"wp-image-1046 aligncenter\" src=\"http:\/\/saintquentinenvermandois.fr\/wp-content\/uploads\/2025\/11\/Avent-2025-2-169x300.jpg\" alt=\"\" width=\"437\" height=\"775\" srcset=\"https:\/\/saintquentinenvermandois.fr\/wp-content\/uploads\/2025\/11\/Avent-2025-2-169x300.jpg 169w, https:\/\/saintquentinenvermandois.fr\/wp-content\/uploads\/2025\/11\/Avent-2025-2-1153x2048.jpg 1153w, https:\/\/saintquentinenvermandois.fr\/wp-content\/uploads\/2025\/11\/Avent-2025-2-1232x2189.jpg 1232w, https:\/\/saintquentinenvermandois.fr\/wp-content\/uploads\/2025\/11\/Avent-2025-2-608x1080.jpg 608w, https:\/\/saintquentinenvermandois.fr\/wp-content\/uploads\/2025\/11\/Avent-2025-2-scaled.jpg 1441w\" sizes=\"auto, (max-width: 437px) 100vw, 437px\" \/><img loading=\"lazy\" decoding=\"async\" class=\"alignnone  wp-image-1045\" src=\"http:\/\/saintquentinenvermandois.fr\/wp-content\/uploads\/2025\/11\/Avent-2025-1-300x169.jpg\" alt=\"\" width=\"972\" height=\"548\" srcset=\"https:\/\/saintquentinenvermandois.fr\/wp-content\/uploads\/2025\/11\/Avent-2025-1-300x169.jpg 300w, https:\/\/saintquentinenvermandois.fr\/wp-content\/uploads\/2025\/11\/Avent-2025-1-1024x576.jpg 1024w, https:\/\/saintquentinenvermandois.fr\/wp-content\/uploads\/2025\/11\/Avent-2025-1-768x432.jpg 768w, https:\/\/saintquentinenvermandois.fr\/wp-content\/uploads\/2025\/11\/Avent-2025-1-1536x864.jpg 1536w, https:\/\/saintquentinenvermandois.fr\/wp-content\/uploads\/2025\/11\/Avent-2025-1-1232x693.jpg 1232w, https:\/\/saintquentinenvermandois.fr\/wp-content\/uploads\/2025\/11\/Avent-2025-1-1920x1080.jpg 1920w\" sizes=\"auto, (max-width: 972px) 100vw, 972px\" \/><\/p>\n","protected":false},"excerpt":{"rendered":"<p>Ce matin tous les enfants du cat\u00e9, de l&#8217;\u00e9veil \u00e0 la foi jusqu&#8217;au 4i\u00e8me ann\u00e9es, \u00e9taient r\u00e9unis pour d\u00e9couvrir le temps de l&#8217;Avent qui arrive et qui va nous amener jusqu&#8217;\u00e0 No\u00ebl. Apr\u00e8s avoir chant\u00e9 et regard\u00e9 une vid\u00e9o expliquant ce qu&#8217;est l&#8217;Avent, les enfants ont d\u00e9couvert l&#8217;histoire de la cr\u00e8che de No\u00ebl et de&nbsp;&hellip;<\/p>\n","protected":false},"author":1,"featured_media":1044,"comment_status":"closed","ping_status":"open","sticky":false,"template":"","format":"standard","meta":{"footnotes":""},"categories":[5],"tags":[],"class_list":["post-1043","post","type-post","status-publish","format-standard","has-post-thumbnail","hentry","category-avent"],"_links":{"self":[{"href":"https:\/\/saintquentinenvermandois.fr\/index.php?rest_route=\/wp\/v2\/posts\/1043","targetHints":{"allow":["GET"]}}],"collection":[{"href":"https:\/\/saintquentinenvermandois.fr\/index.php?rest_route=\/wp\/v2\/posts"}],"about":[{"href":"https:\/\/saintquentinenvermandois.fr\/index.php?rest_route=\/wp\/v2\/types\/post"}],"author":[{"embeddable":true,"href":"https:\/\/saintquentinenvermandois.fr\/index.php?rest_route=\/wp\/v2\/users\/1"}],"replies":[{"embeddable":true,"href":"https:\/\/saintquentinenvermandois.fr\/index.php?rest_route=%2Fwp%2Fv2%2Fcomments&post=1043"}],"version-history":[{"count":1,"href":"https:\/\/saintquentinenvermandois.fr\/index.php?rest_route=\/wp\/v2\/posts\/1043\/revisions"}],"predecessor-version":[{"id":1051,"href":"https:\/\/saintquentinenvermandois.fr\/index.php?rest_route=\/wp\/v2\/posts\/1043\/revisions\/1051"}],"wp:featuredmedia":[{"embeddable":true,"href":"https:\/\/saintquentinenvermandois.fr\/index.php?rest_route=\/wp\/v2\/media\/1044"}],"wp:attachment":[{"href":"https:\/\/saintquentinenvermandois.fr\/index.php?rest_route=%2Fwp%2Fv2%2Fmedia&parent=1043"}],"wp:term":[{"taxonomy":"category","embeddable":true,"href":"https:\/\/saintquentinenvermandois.fr\/index.php?rest_route=%2Fwp%2Fv2%2Fcategories&post=1043"},{"taxonomy":"post_tag","embeddable":true,"href":"https:\/\/saintquentinenvermandois.fr\/index.php?rest_route=%2Fwp%2Fv2%2Ftags&post=1043"}],"curies":[{"name":"wp","href":"https:\/\/api.w.org\/{rel}","templated":true}]}}