{"id":1078,"date":"2026-01-18T20:48:43","date_gmt":"2026-01-18T19:48:43","guid":{"rendered":"https:\/\/saintquentinenvermandois.fr\/?p=1078"},"modified":"2026-01-18T21:21:16","modified_gmt":"2026-01-18T20:21:16","slug":"invitation-messe-anticipee-de-dimanche","status":"publish","type":"post","link":"https:\/\/saintquentinenvermandois.fr\/?p=1078","title":{"rendered":"Invitation messe anticip\u00e9e de dimanche"},"content":{"rendered":"<div class=\"x14z9mp xat24cr x1lziwak x1vvkbs xtlvy1s x126k92a\">\n<div dir=\"auto\">Samedi 24 janvier, \u00e0 18h, \u00e0 l&#8217;\u00e9glise St Jean Baptiste,<\/div>\n<div dir=\"auto\">Vous \u00eates tous invit\u00e9s \u00e0 la messe anticip\u00e9e du dimanche.<\/div>\n<\/div>\n<div class=\"x14z9mp xat24cr x1lziwak x1vvkbs xtlvy1s x126k92a\">\n<div dir=\"auto\">N&#8217;h\u00e9sitez pas \u00e0 inviter autour de vous \u00e0 participer \u00e0 cette c\u00e9l\u00e9bration.<\/div>\n<\/div>\n","protected":false},"excerpt":{"rendered":"<p>Samedi 24 janvier, \u00e0 18h, \u00e0 l&#8217;\u00e9glise St Jean Baptiste, Vous \u00eates tous invit\u00e9s \u00e0 la messe anticip\u00e9e du dimanche. N&#8217;h\u00e9sitez pas \u00e0 inviter autour de vous \u00e0 participer \u00e0 cette c\u00e9l\u00e9bration.<\/p>\n","protected":false},"author":1,"featured_media":1079,"comment_status":"closed","ping_status":"open","sticky":false,"template":"","format":"standard","meta":{"footnotes":""},"categories":[6],"tags":[],"class_list":["post-1078","post","type-post","status-publish","format-standard","has-post-thumbnail","hentry","category-info"],"_links":{"self":[{"href":"https:\/\/saintquentinenvermandois.fr\/index.php?rest_route=\/wp\/v2\/posts\/1078","targetHints":{"allow":["GET"]}}],"collection":[{"href":"https:\/\/saintquentinenvermandois.fr\/index.php?rest_route=\/wp\/v2\/posts"}],"about":[{"href":"https:\/\/saintquentinenvermandois.fr\/index.php?rest_route=\/wp\/v2\/types\/post"}],"author":[{"embeddable":true,"href":"https:\/\/saintquentinenvermandois.fr\/index.php?rest_route=\/wp\/v2\/users\/1"}],"replies":[{"embeddable":true,"href":"https:\/\/saintquentinenvermandois.fr\/index.php?rest_route=%2Fwp%2Fv2%2Fcomments&post=1078"}],"version-history":[{"count":2,"href":"https:\/\/saintquentinenvermandois.fr\/index.php?rest_route=\/wp\/v2\/posts\/1078\/revisions"}],"predecessor-version":[{"id":1082,"href":"https:\/\/saintquentinenvermandois.fr\/index.php?rest_route=\/wp\/v2\/posts\/1078\/revisions\/1082"}],"wp:featuredmedia":[{"embeddable":true,"href":"https:\/\/saintquentinenvermandois.fr\/index.php?rest_route=\/wp\/v2\/media\/1079"}],"wp:attachment":[{"href":"https:\/\/saintquentinenvermandois.fr\/index.php?rest_route=%2Fwp%2Fv2%2Fmedia&parent=1078"}],"wp:term":[{"taxonomy":"category","embeddable":true,"href":"https:\/\/saintquentinenvermandois.fr\/index.php?rest_route=%2Fwp%2Fv2%2Fcategories&post=1078"},{"taxonomy":"post_tag","embeddable":true,"href":"https:\/\/saintquentinenvermandois.fr\/index.php?rest_route=%2Fwp%2Fv2%2Ftags&post=1078"}],"curies":[{"name":"wp","href":"https:\/\/api.w.org\/{rel}","templated":true}]}}