{"id":287,"date":"2023-12-04T21:15:09","date_gmt":"2023-12-04T20:15:09","guid":{"rendered":"https:\/\/saintquentinenvermandois.fr\/?p=287"},"modified":"2023-12-31T10:08:36","modified_gmt":"2023-12-31T09:08:36","slug":"article-test","status":"publish","type":"post","link":"https:\/\/saintquentinenvermandois.fr\/?p=287","title":{"rendered":"Premier dimanche de l&#8217;Avent"},"content":{"rendered":"<div class=\"xdj266r x11i5rnm xat24cr x1mh8g0r x1vvkbs x126k92a\">\n<div dir=\"auto\"><span class=\"x3nfvp2 x1j61x8r x1fcty0u xdj266r xhhsvwb xat24cr xgzva0m xxymvpz xlup9mm x1kky2od\"><img loading=\"lazy\" decoding=\"async\" class=\"xz74otr\" src=\"https:\/\/static.xx.fbcdn.net\/images\/emoji.php\/v9\/tc1\/1.5\/16\/1f495.png\" alt=\"\ud83d\udc95\" width=\"16\" height=\"16\" \/><\/span>Premier dimanche de l&#8217;Avent <span class=\"x3nfvp2 x1j61x8r x1fcty0u xdj266r xhhsvwb xat24cr xgzva0m xxymvpz xlup9mm x1kky2od\"><img loading=\"lazy\" decoding=\"async\" class=\"xz74otr\" src=\"https:\/\/static.xx.fbcdn.net\/images\/emoji.php\/v9\/tc1\/1.5\/16\/1f495.png\" alt=\"\ud83d\udc95\" width=\"16\" height=\"16\" \/><\/span><\/div>\n<\/div>\n<div class=\"x11i5rnm xat24cr x1mh8g0r x1vvkbs xtlvy1s x126k92a\">\n<div dir=\"auto\">La paroisse se met en route&#8230;.Soyons Veilleurs ! La premi\u00e8re bougie est Allum\u00e9e pour l&#8217;av\u00e8nement. Les enfants du &#8220;kt&#8221; ont partag\u00e9 la joie d&#8217;offrir des cartes aux paroissiens, pour eux ou \u00e0 partager \u00e0 notre tour&#8230;<\/div>\n<div dir=\"auto\">\n<table style=\"border-collapse: collapse; width: 100%; height: 392px;\">\n<tbody>\n<tr style=\"height: 392px;\">\n<td style=\"width: 33.3333%; height: 392px;\"><img loading=\"lazy\" decoding=\"async\" class=\"size-medium wp-image-467 aligncenter\" src=\"http:\/\/saintquentinenvermandois.fr\/wp-content\/uploads\/2023\/12\/Avent-1-225x300.jpg\" alt=\"\" width=\"225\" height=\"300\" srcset=\"https:\/\/saintquentinenvermandois.fr\/wp-content\/uploads\/2023\/12\/Avent-1-225x300.jpg 225w, https:\/\/saintquentinenvermandois.fr\/wp-content\/uploads\/2023\/12\/Avent-1.jpg 720w\" sizes=\"auto, (max-width: 225px) 100vw, 225px\" \/><\/td>\n<td style=\"width: 33.3333%; height: 392px;\"><img loading=\"lazy\" decoding=\"async\" class=\"size-medium wp-image-469 aligncenter\" src=\"http:\/\/saintquentinenvermandois.fr\/wp-content\/uploads\/2023\/12\/Avent-3-225x300.jpg\" alt=\"\" width=\"225\" height=\"300\" srcset=\"https:\/\/saintquentinenvermandois.fr\/wp-content\/uploads\/2023\/12\/Avent-3-225x300.jpg 225w, https:\/\/saintquentinenvermandois.fr\/wp-content\/uploads\/2023\/12\/Avent-3.jpg 720w\" sizes=\"auto, (max-width: 225px) 100vw, 225px\" \/><\/td>\n<td style=\"width: 33.3333%; height: 392px;\"><img loading=\"lazy\" decoding=\"async\" class=\"size-medium wp-image-468 aligncenter\" src=\"http:\/\/saintquentinenvermandois.fr\/wp-content\/uploads\/2023\/12\/Avent-2-225x300.jpg\" alt=\"\" width=\"225\" height=\"300\" srcset=\"https:\/\/saintquentinenvermandois.fr\/wp-content\/uploads\/2023\/12\/Avent-2-225x300.jpg 225w, https:\/\/saintquentinenvermandois.fr\/wp-content\/uploads\/2023\/12\/Avent-2.jpg 720w\" sizes=\"auto, (max-width: 225px) 100vw, 225px\" \/><\/td>\n<\/tr>\n<\/tbody>\n<\/table>\n<\/div>\n<div dir=\"auto\"><\/div>\n<\/div>\n","protected":false},"excerpt":{"rendered":"<p>Premier dimanche de l&#8217;Avent La paroisse se met en route&#8230;.Soyons Veilleurs ! La premi\u00e8re bougie est Allum\u00e9e pour l&#8217;av\u00e8nement. Les enfants du &#8220;kt&#8221; ont partag\u00e9 la joie d&#8217;offrir des cartes aux paroissiens, pour eux ou \u00e0 partager \u00e0 notre tour&#8230;<\/p>\n","protected":false},"author":1,"featured_media":465,"comment_status":"closed","ping_status":"closed","sticky":false,"template":"","format":"standard","meta":{"footnotes":""},"categories":[5],"tags":[],"class_list":["post-287","post","type-post","status-publish","format-standard","has-post-thumbnail","hentry","category-avent"],"_links":{"self":[{"href":"https:\/\/saintquentinenvermandois.fr\/index.php?rest_route=\/wp\/v2\/posts\/287","targetHints":{"allow":["GET"]}}],"collection":[{"href":"https:\/\/saintquentinenvermandois.fr\/index.php?rest_route=\/wp\/v2\/posts"}],"about":[{"href":"https:\/\/saintquentinenvermandois.fr\/index.php?rest_route=\/wp\/v2\/types\/post"}],"author":[{"embeddable":true,"href":"https:\/\/saintquentinenvermandois.fr\/index.php?rest_route=\/wp\/v2\/users\/1"}],"replies":[{"embeddable":true,"href":"https:\/\/saintquentinenvermandois.fr\/index.php?rest_route=%2Fwp%2Fv2%2Fcomments&post=287"}],"version-history":[{"count":9,"href":"https:\/\/saintquentinenvermandois.fr\/index.php?rest_route=\/wp\/v2\/posts\/287\/revisions"}],"predecessor-version":[{"id":306,"href":"https:\/\/saintquentinenvermandois.fr\/index.php?rest_route=\/wp\/v2\/posts\/287\/revisions\/306"}],"wp:featuredmedia":[{"embeddable":true,"href":"https:\/\/saintquentinenvermandois.fr\/index.php?rest_route=\/wp\/v2\/media\/465"}],"wp:attachment":[{"href":"https:\/\/saintquentinenvermandois.fr\/index.php?rest_route=%2Fwp%2Fv2%2Fmedia&parent=287"}],"wp:term":[{"taxonomy":"category","embeddable":true,"href":"https:\/\/saintquentinenvermandois.fr\/index.php?rest_route=%2Fwp%2Fv2%2Fcategories&post=287"},{"taxonomy":"post_tag","embeddable":true,"href":"https:\/\/saintquentinenvermandois.fr\/index.php?rest_route=%2Fwp%2Fv2%2Ftags&post=287"}],"curies":[{"name":"wp","href":"https:\/\/api.w.org\/{rel}","templated":true}]}}