{"id":314,"date":"2023-11-25T19:34:38","date_gmt":"2023-11-25T18:34:38","guid":{"rendered":"https:\/\/saintquentinenvermandois.fr\/?p=314"},"modified":"2023-12-31T10:20:47","modified_gmt":"2023-12-31T09:20:47","slug":"temps-fort","status":"publish","type":"post","link":"https:\/\/saintquentinenvermandois.fr\/?p=314","title":{"rendered":"Temps fort"},"content":{"rendered":"<div class=\"xdj266r x11i5rnm xat24cr x1mh8g0r x1vvkbs x126k92a\">\n<div dir=\"auto\"><span class=\"x3nfvp2 x1j61x8r x1fcty0u xdj266r xhhsvwb xat24cr xgzva0m xxymvpz xlup9mm x1kky2od\"><img loading=\"lazy\" decoding=\"async\" class=\"xz74otr\" src=\"https:\/\/static.xx.fbcdn.net\/images\/emoji.php\/v9\/tc1\/1.5\/16\/1f495.png\" alt=\"\ud83d\udc95\" width=\"16\" height=\"16\" \/><\/span> Temps fort <span class=\"x3nfvp2 x1j61x8r x1fcty0u xdj266r xhhsvwb xat24cr xgzva0m xxymvpz xlup9mm x1kky2od\"><img loading=\"lazy\" decoding=\"async\" class=\"xz74otr\" src=\"https:\/\/static.xx.fbcdn.net\/images\/emoji.php\/v9\/tc1\/1.5\/16\/1f495.png\" alt=\"\ud83d\udc95\" width=\"16\" height=\"16\" \/><\/span><\/div>\n<\/div>\n<div class=\"x11i5rnm xat24cr x1mh8g0r x1vvkbs xtlvy1s x126k92a\">\n<div dir=\"auto\">Ce matin, les enfants de la cat\u00e9ch\u00e8se \u00e9taient rassembl\u00e9s pour un temps fort qui pr\u00e9pare au temps de l&#8217;Avent.<\/div>\n<\/div>\n<div class=\"x11i5rnm xat24cr x1mh8g0r x1vvkbs xtlvy1s x126k92a\">\n<div dir=\"auto\">Apr\u00e8s un temps de conte, les enfants ont pr\u00e9par\u00e9 la couronne de l&#8217;Avent <span class=\"x3nfvp2 x1j61x8r x1fcty0u xdj266r xhhsvwb xat24cr xgzva0m xxymvpz xlup9mm x1kky2od\"><img loading=\"lazy\" decoding=\"async\" class=\"xz74otr\" src=\"https:\/\/static.xx.fbcdn.net\/images\/emoji.php\/v9\/td6\/1.5\/16\/1f56f.png\" alt=\"\ud83d\udd6f\ufe0f\" width=\"16\" height=\"16\" \/><\/span> des cartes de No\u00ebl <span class=\"x3nfvp2 x1j61x8r x1fcty0u xdj266r xhhsvwb xat24cr xgzva0m xxymvpz xlup9mm x1kky2od\"><img loading=\"lazy\" decoding=\"async\" class=\"xz74otr\" src=\"https:\/\/static.xx.fbcdn.net\/images\/emoji.php\/v9\/t50\/1.5\/16\/1f48c.png\" alt=\"\ud83d\udc8c\" width=\"16\" height=\"16\" \/><\/span>qu&#8217;ils pourront distribuer \u00e0 la messe pendant le temps de l&#8217;Avent, ils ont particip\u00e9 \u00e0 un atelier pri\u00e8re <span class=\"x3nfvp2 x1j61x8r x1fcty0u xdj266r xhhsvwb xat24cr xgzva0m xxymvpz xlup9mm x1kky2od\"><img loading=\"lazy\" decoding=\"async\" class=\"xz74otr\" src=\"https:\/\/static.xx.fbcdn.net\/images\/emoji.php\/v9\/td9\/1.5\/16\/1f64f.png\" alt=\"\ud83d\ude4f\" width=\"16\" height=\"16\" \/><\/span> et ont pr\u00e9par\u00e9 un calendrier de l&#8217;Avent pour nos pr\u00eatres <span class=\"x3nfvp2 x1j61x8r x1fcty0u xdj266r xhhsvwb xat24cr xgzva0m xxymvpz xlup9mm x1kky2od\"><img loading=\"lazy\" decoding=\"async\" class=\"xz74otr\" src=\"https:\/\/static.xx.fbcdn.net\/images\/emoji.php\/v9\/tdd\/1.5\/16\/1f381.png\" alt=\"\ud83c\udf81\" width=\"16\" height=\"16\" \/><\/span><\/div>\n<\/div>\n<div class=\"x11i5rnm xat24cr x1mh8g0r x1vvkbs xtlvy1s x126k92a\">\n<div dir=\"auto\">Une matin\u00e9e ensemble, de partage, de chants, de joie <span class=\"x3nfvp2 x1j61x8r x1fcty0u xdj266r xhhsvwb xat24cr xgzva0m xxymvpz xlup9mm x1kky2od\"><img loading=\"lazy\" decoding=\"async\" class=\"xz74otr\" src=\"https:\/\/static.xx.fbcdn.net\/images\/emoji.php\/v9\/tf3\/1.5\/16\/2764.png\" alt=\"\u2764\ufe0f\" width=\"16\" height=\"16\" \/><\/span><\/div>\n<\/div>\n<div dir=\"auto\"><\/div>\n<div dir=\"auto\">\n<table style=\"border-collapse: collapse; width: 100%; height: 662px;\">\n<tbody>\n<tr style=\"height: 350px;\">\n<td style=\"width: 39.2538%; height: 350px;\"><img loading=\"lazy\" decoding=\"async\" class=\"size-medium wp-image-475 aligncenter\" src=\"http:\/\/saintquentinenvermandois.fr\/wp-content\/uploads\/2023\/11\/Cate-TF-1-300x225.jpg\" alt=\"\" width=\"300\" height=\"225\" srcset=\"https:\/\/saintquentinenvermandois.fr\/wp-content\/uploads\/2023\/11\/Cate-TF-1-300x225.jpg 300w, https:\/\/saintquentinenvermandois.fr\/wp-content\/uploads\/2023\/11\/Cate-TF-1-1024x768.jpg 1024w, https:\/\/saintquentinenvermandois.fr\/wp-content\/uploads\/2023\/11\/Cate-TF-1-768x576.jpg 768w, https:\/\/saintquentinenvermandois.fr\/wp-content\/uploads\/2023\/11\/Cate-TF-1-1536x1152.jpg 1536w, https:\/\/saintquentinenvermandois.fr\/wp-content\/uploads\/2023\/11\/Cate-TF-1-1232x924.jpg 1232w, https:\/\/saintquentinenvermandois.fr\/wp-content\/uploads\/2023\/11\/Cate-TF-1-1440x1080.jpg 1440w, https:\/\/saintquentinenvermandois.fr\/wp-content\/uploads\/2023\/11\/Cate-TF-1.jpg 2048w\" sizes=\"auto, (max-width: 300px) 100vw, 300px\" \/><\/p>\n<p>&nbsp;<\/td>\n<td style=\"width: 31.4921%; height: 350px;\"><img loading=\"lazy\" decoding=\"async\" class=\"alignnone size-medium wp-image-476\" src=\"http:\/\/saintquentinenvermandois.fr\/wp-content\/uploads\/2023\/11\/Cate-TF-2-300x225.jpg\" alt=\"\" width=\"300\" height=\"225\" srcset=\"https:\/\/saintquentinenvermandois.fr\/wp-content\/uploads\/2023\/11\/Cate-TF-2-300x225.jpg 300w, https:\/\/saintquentinenvermandois.fr\/wp-content\/uploads\/2023\/11\/Cate-TF-2-1024x768.jpg 1024w, https:\/\/saintquentinenvermandois.fr\/wp-content\/uploads\/2023\/11\/Cate-TF-2-768x576.jpg 768w, https:\/\/saintquentinenvermandois.fr\/wp-content\/uploads\/2023\/11\/Cate-TF-2-1536x1152.jpg 1536w, https:\/\/saintquentinenvermandois.fr\/wp-content\/uploads\/2023\/11\/Cate-TF-2-1232x924.jpg 1232w, https:\/\/saintquentinenvermandois.fr\/wp-content\/uploads\/2023\/11\/Cate-TF-2-1440x1080.jpg 1440w, https:\/\/saintquentinenvermandois.fr\/wp-content\/uploads\/2023\/11\/Cate-TF-2.jpg 2048w\" sizes=\"auto, (max-width: 300px) 100vw, 300px\" \/><\/p>\n<p>&nbsp;<\/td>\n<td style=\"width: 29.254%; height: 350px;\"><img loading=\"lazy\" decoding=\"async\" class=\"alignnone size-medium wp-image-340\" src=\"http:\/\/saintquentinenvermandois.fr\/wp-content\/uploads\/2023\/11\/404772687_335754272394790_1022726894938511018_n-300x225.jpg\" alt=\"\" width=\"300\" height=\"225\" srcset=\"https:\/\/saintquentinenvermandois.fr\/wp-content\/uploads\/2023\/11\/404772687_335754272394790_1022726894938511018_n-300x225.jpg 300w, https:\/\/saintquentinenvermandois.fr\/wp-content\/uploads\/2023\/11\/404772687_335754272394790_1022726894938511018_n-1024x768.jpg 1024w, https:\/\/saintquentinenvermandois.fr\/wp-content\/uploads\/2023\/11\/404772687_335754272394790_1022726894938511018_n-768x576.jpg 768w, https:\/\/saintquentinenvermandois.fr\/wp-content\/uploads\/2023\/11\/404772687_335754272394790_1022726894938511018_n-1536x1152.jpg 1536w, https:\/\/saintquentinenvermandois.fr\/wp-content\/uploads\/2023\/11\/404772687_335754272394790_1022726894938511018_n-1232x924.jpg 1232w, https:\/\/saintquentinenvermandois.fr\/wp-content\/uploads\/2023\/11\/404772687_335754272394790_1022726894938511018_n-1440x1080.jpg 1440w, https:\/\/saintquentinenvermandois.fr\/wp-content\/uploads\/2023\/11\/404772687_335754272394790_1022726894938511018_n-rotated.jpg 2048w\" sizes=\"auto, (max-width: 300px) 100vw, 300px\" \/><\/td>\n<\/tr>\n<tr style=\"height: 312px;\">\n<td style=\"width: 39.2538%; height: 312px;\"><img loading=\"lazy\" decoding=\"async\" class=\"size-medium wp-image-478 aligncenter\" src=\"http:\/\/saintquentinenvermandois.fr\/wp-content\/uploads\/2023\/11\/Cate-TF-5-225x300.jpg\" alt=\"\" width=\"225\" height=\"300\" srcset=\"https:\/\/saintquentinenvermandois.fr\/wp-content\/uploads\/2023\/11\/Cate-TF-5-225x300.jpg 225w, https:\/\/saintquentinenvermandois.fr\/wp-content\/uploads\/2023\/11\/Cate-TF-5-768x1024.jpg 768w, https:\/\/saintquentinenvermandois.fr\/wp-content\/uploads\/2023\/11\/Cate-TF-5-1152x1536.jpg 1152w, https:\/\/saintquentinenvermandois.fr\/wp-content\/uploads\/2023\/11\/Cate-TF-5-1232x1643.jpg 1232w, https:\/\/saintquentinenvermandois.fr\/wp-content\/uploads\/2023\/11\/Cate-TF-5-810x1080.jpg 810w, https:\/\/saintquentinenvermandois.fr\/wp-content\/uploads\/2023\/11\/Cate-TF-5.jpg 1536w\" sizes=\"auto, (max-width: 225px) 100vw, 225px\" \/><\/td>\n<td style=\"width: 31.4921%; height: 312px;\"><img loading=\"lazy\" decoding=\"async\" class=\"size-medium wp-image-477 aligncenter\" src=\"http:\/\/saintquentinenvermandois.fr\/wp-content\/uploads\/2023\/11\/Cate-TF-3-225x300.jpg\" alt=\"\" width=\"225\" height=\"300\" srcset=\"https:\/\/saintquentinenvermandois.fr\/wp-content\/uploads\/2023\/11\/Cate-TF-3-225x300.jpg 225w, https:\/\/saintquentinenvermandois.fr\/wp-content\/uploads\/2023\/11\/Cate-TF-3-768x1024.jpg 768w, https:\/\/saintquentinenvermandois.fr\/wp-content\/uploads\/2023\/11\/Cate-TF-3-1152x1536.jpg 1152w, https:\/\/saintquentinenvermandois.fr\/wp-content\/uploads\/2023\/11\/Cate-TF-3-1232x1643.jpg 1232w, https:\/\/saintquentinenvermandois.fr\/wp-content\/uploads\/2023\/11\/Cate-TF-3-810x1080.jpg 810w, https:\/\/saintquentinenvermandois.fr\/wp-content\/uploads\/2023\/11\/Cate-TF-3.jpg 1536w\" sizes=\"auto, (max-width: 225px) 100vw, 225px\" \/><\/td>\n<td style=\"width: 29.254%; height: 312px;\"><\/td>\n<\/tr>\n<\/tbody>\n<\/table>\n<\/div>\n<div class=\"x11i5rnm xat24cr x1mh8g0r x1vvkbs xtlvy1s x126k92a\">\n<div dir=\"auto\"><\/div>\n<\/div>\n<div dir=\"auto\"><\/div>\n","protected":false},"excerpt":{"rendered":"<p>Temps fort Ce matin, les enfants de la cat\u00e9ch\u00e8se \u00e9taient rassembl\u00e9s pour un temps fort qui pr\u00e9pare au temps de l&#8217;Avent. Apr\u00e8s un temps de conte, les enfants ont pr\u00e9par\u00e9 la couronne de l&#8217;Avent des cartes de No\u00ebl qu&#8217;ils pourront distribuer \u00e0 la messe pendant le temps de l&#8217;Avent, ils ont particip\u00e9 \u00e0 un atelier&nbsp;&hellip;<\/p>\n","protected":false},"author":1,"featured_media":475,"comment_status":"closed","ping_status":"closed","sticky":false,"template":"","format":"standard","meta":{"footnotes":""},"categories":[7],"tags":[],"class_list":["post-314","post","type-post","status-publish","format-standard","has-post-thumbnail","hentry","category-cate"],"_links":{"self":[{"href":"https:\/\/saintquentinenvermandois.fr\/index.php?rest_route=\/wp\/v2\/posts\/314","targetHints":{"allow":["GET"]}}],"collection":[{"href":"https:\/\/saintquentinenvermandois.fr\/index.php?rest_route=\/wp\/v2\/posts"}],"about":[{"href":"https:\/\/saintquentinenvermandois.fr\/index.php?rest_route=\/wp\/v2\/types\/post"}],"author":[{"embeddable":true,"href":"https:\/\/saintquentinenvermandois.fr\/index.php?rest_route=\/wp\/v2\/users\/1"}],"replies":[{"embeddable":true,"href":"https:\/\/saintquentinenvermandois.fr\/index.php?rest_route=%2Fwp%2Fv2%2Fcomments&post=314"}],"version-history":[{"count":4,"href":"https:\/\/saintquentinenvermandois.fr\/index.php?rest_route=\/wp\/v2\/posts\/314\/revisions"}],"predecessor-version":[{"id":479,"href":"https:\/\/saintquentinenvermandois.fr\/index.php?rest_route=\/wp\/v2\/posts\/314\/revisions\/479"}],"wp:featuredmedia":[{"embeddable":true,"href":"https:\/\/saintquentinenvermandois.fr\/index.php?rest_route=\/wp\/v2\/media\/475"}],"wp:attachment":[{"href":"https:\/\/saintquentinenvermandois.fr\/index.php?rest_route=%2Fwp%2Fv2%2Fmedia&parent=314"}],"wp:term":[{"taxonomy":"category","embeddable":true,"href":"https:\/\/saintquentinenvermandois.fr\/index.php?rest_route=%2Fwp%2Fv2%2Fcategories&post=314"},{"taxonomy":"post_tag","embeddable":true,"href":"https:\/\/saintquentinenvermandois.fr\/index.php?rest_route=%2Fwp%2Fv2%2Ftags&post=314"}],"curies":[{"name":"wp","href":"https:\/\/api.w.org\/{rel}","templated":true}]}}