{"id":585,"date":"2024-01-01T21:02:14","date_gmt":"2024-01-01T20:02:14","guid":{"rendered":"https:\/\/saintquentinenvermandois.fr\/?p=585"},"modified":"2024-01-09T21:09:02","modified_gmt":"2024-01-09T20:09:02","slug":"bonne-annee-2024","status":"publish","type":"post","link":"https:\/\/saintquentinenvermandois.fr\/?p=585","title":{"rendered":"Bonne et Sainte ann\u00e9e 2024 !"},"content":{"rendered":"<div class=\"xdj266r x11i5rnm xat24cr x1mh8g0r x1vvkbs x126k92a\">\n<div dir=\"auto\"><span class=\"x3nfvp2 x1j61x8r x1fcty0u xdj266r xhhsvwb xat24cr xgzva0m xxymvpz xlup9mm x1kky2od\"><img loading=\"lazy\" decoding=\"async\" class=\"xz74otr\" src=\"https:\/\/static.xx.fbcdn.net\/images\/emoji.php\/v9\/tc1\/1.5\/16\/1f495.png\" alt=\"\ud83d\udc95\" width=\"16\" height=\"16\" \/><\/span> Bonne et Sainte ann\u00e9e 2024 <span class=\"x3nfvp2 x1j61x8r x1fcty0u xdj266r xhhsvwb xat24cr xgzva0m xxymvpz xlup9mm x1kky2od\"><img loading=\"lazy\" decoding=\"async\" class=\"xz74otr\" src=\"https:\/\/static.xx.fbcdn.net\/images\/emoji.php\/v9\/tc1\/1.5\/16\/1f495.png\" alt=\"\ud83d\udc95\" width=\"16\" height=\"16\" \/><\/span><\/div>\n<\/div>\n<div class=\"x11i5rnm xat24cr x1mh8g0r x1vvkbs xtlvy1s x126k92a\">\n<div dir=\"auto\">Belle assembl\u00e9e \u00e0 la premi\u00e8re messe de l&#8217;ann\u00e9e ce matin <span class=\"x3nfvp2 x1j61x8r x1fcty0u xdj266r xhhsvwb xat24cr xgzva0m xxymvpz xlup9mm x1kky2od\"><img loading=\"lazy\" decoding=\"async\" class=\"xz74otr\" src=\"https:\/\/static.xx.fbcdn.net\/images\/emoji.php\/v9\/td9\/1.5\/16\/1f64f.png\" alt=\"\ud83d\ude4f\" width=\"16\" height=\"16\" \/><\/span><\/div>\n<\/div>\n<div class=\"x11i5rnm xat24cr x1mh8g0r x1vvkbs xtlvy1s x126k92a\">\n<div dir=\"auto\">Avec la surprise d&#8217;y croiser le P\u00e8re Antonio Tejado <span class=\"x3nfvp2 x1j61x8r x1fcty0u xdj266r xhhsvwb xat24cr xgzva0m xxymvpz xlup9mm x1kky2od\"><img loading=\"lazy\" decoding=\"async\" class=\"xz74otr\" src=\"https:\/\/static.xx.fbcdn.net\/images\/emoji.php\/v9\/tf3\/1.5\/16\/2764.png\" alt=\"\u2764\ufe0f\" width=\"16\" height=\"16\" \/><\/span><\/div>\n<\/div>\n<div dir=\"auto\"><\/div>\n<div dir=\"auto\"><img loading=\"lazy\" decoding=\"async\" class=\"wp-image-587 aligncenter\" src=\"http:\/\/saintquentinenvermandois.fr\/wp-content\/uploads\/2024\/01\/Bonne-Annee-2024-2-300x225.jpg\" alt=\"\" width=\"784\" height=\"588\" srcset=\"https:\/\/saintquentinenvermandois.fr\/wp-content\/uploads\/2024\/01\/Bonne-Annee-2024-2-300x225.jpg 300w, https:\/\/saintquentinenvermandois.fr\/wp-content\/uploads\/2024\/01\/Bonne-Annee-2024-2-1024x768.jpg 1024w, https:\/\/saintquentinenvermandois.fr\/wp-content\/uploads\/2024\/01\/Bonne-Annee-2024-2-768x576.jpg 768w, https:\/\/saintquentinenvermandois.fr\/wp-content\/uploads\/2024\/01\/Bonne-Annee-2024-2-1536x1152.jpg 1536w, https:\/\/saintquentinenvermandois.fr\/wp-content\/uploads\/2024\/01\/Bonne-Annee-2024-2-1232x924.jpg 1232w, https:\/\/saintquentinenvermandois.fr\/wp-content\/uploads\/2024\/01\/Bonne-Annee-2024-2-1440x1080.jpg 1440w, https:\/\/saintquentinenvermandois.fr\/wp-content\/uploads\/2024\/01\/Bonne-Annee-2024-2.jpg 2048w\" sizes=\"auto, (max-width: 784px) 100vw, 784px\" \/><\/div>\n","protected":false},"excerpt":{"rendered":"<p>Bonne et Sainte ann\u00e9e 2024 Belle assembl\u00e9e \u00e0 la premi\u00e8re messe de l&#8217;ann\u00e9e ce matin Avec la surprise d&#8217;y croiser le P\u00e8re Antonio Tejado<\/p>\n","protected":false},"author":1,"featured_media":586,"comment_status":"closed","ping_status":"closed","sticky":false,"template":"","format":"standard","meta":{"footnotes":""},"categories":[8],"tags":[],"class_list":["post-585","post","type-post","status-publish","format-standard","has-post-thumbnail","hentry","category-evenement"],"_links":{"self":[{"href":"https:\/\/saintquentinenvermandois.fr\/index.php?rest_route=\/wp\/v2\/posts\/585","targetHints":{"allow":["GET"]}}],"collection":[{"href":"https:\/\/saintquentinenvermandois.fr\/index.php?rest_route=\/wp\/v2\/posts"}],"about":[{"href":"https:\/\/saintquentinenvermandois.fr\/index.php?rest_route=\/wp\/v2\/types\/post"}],"author":[{"embeddable":true,"href":"https:\/\/saintquentinenvermandois.fr\/index.php?rest_route=\/wp\/v2\/users\/1"}],"replies":[{"embeddable":true,"href":"https:\/\/saintquentinenvermandois.fr\/index.php?rest_route=%2Fwp%2Fv2%2Fcomments&post=585"}],"version-history":[{"count":2,"href":"https:\/\/saintquentinenvermandois.fr\/index.php?rest_route=\/wp\/v2\/posts\/585\/revisions"}],"predecessor-version":[{"id":589,"href":"https:\/\/saintquentinenvermandois.fr\/index.php?rest_route=\/wp\/v2\/posts\/585\/revisions\/589"}],"wp:featuredmedia":[{"embeddable":true,"href":"https:\/\/saintquentinenvermandois.fr\/index.php?rest_route=\/wp\/v2\/media\/586"}],"wp:attachment":[{"href":"https:\/\/saintquentinenvermandois.fr\/index.php?rest_route=%2Fwp%2Fv2%2Fmedia&parent=585"}],"wp:term":[{"taxonomy":"category","embeddable":true,"href":"https:\/\/saintquentinenvermandois.fr\/index.php?rest_route=%2Fwp%2Fv2%2Fcategories&post=585"},{"taxonomy":"post_tag","embeddable":true,"href":"https:\/\/saintquentinenvermandois.fr\/index.php?rest_route=%2Fwp%2Fv2%2Ftags&post=585"}],"curies":[{"name":"wp","href":"https:\/\/api.w.org\/{rel}","templated":true}]}}