{"id":657,"date":"2024-02-14T12:15:01","date_gmt":"2024-02-14T11:15:01","guid":{"rendered":"https:\/\/saintquentinenvermandois.fr\/?p=657"},"modified":"2024-02-17T08:07:40","modified_gmt":"2024-02-17T07:07:40","slug":"le-careme","status":"publish","type":"post","link":"https:\/\/saintquentinenvermandois.fr\/?p=657","title":{"rendered":"Le car\u00eame"},"content":{"rendered":"<p style=\"text-align: center;\"><span class=\"x3nfvp2 x1j61x8r x1fcty0u xdj266r xhhsvwb xat24cr xgzva0m xxymvpz xlup9mm x1kky2od\"><img loading=\"lazy\" decoding=\"async\" class=\"xz74otr\" src=\"https:\/\/static.xx.fbcdn.net\/images\/emoji.php\/v9\/tc1\/1.5\/16\/1f495.png\" alt=\"\ud83d\udc95\" width=\"16\" height=\"16\" \/><\/span> C&#8217;est le d\u00e9but du car\u00eame! Messe du mercredi des cendres \u00e0 l&#8217;\u00e9glise St Martin <span class=\"x3nfvp2 x1j61x8r x1fcty0u xdj266r xhhsvwb xat24cr xgzva0m xxymvpz xlup9mm x1kky2od\"><img loading=\"lazy\" decoding=\"async\" class=\"xz74otr\" src=\"https:\/\/static.xx.fbcdn.net\/images\/emoji.php\/v9\/tc1\/1.5\/16\/1f495.png\" alt=\"\ud83d\udc95\" width=\"16\" height=\"16\" \/><\/span><\/p>\n<p>\u00a0 \u00a0 \u00a0 \u00a0 \u00a0 \u00a0 \u00a0 \u00a0 \u00a0 \u00a0 \u00a0 \u00a0 \u00a0 \u00a0 \u00a0 \u00a0 \u00a0 <img loading=\"lazy\" decoding=\"async\" class=\"wp-image-659 aligncenter\" src=\"http:\/\/saintquentinenvermandois.fr\/wp-content\/uploads\/2024\/02\/426501373_381074224529461_2614139401473382599_n-225x300.jpg\" alt=\"\" width=\"451\" height=\"602\" srcset=\"https:\/\/saintquentinenvermandois.fr\/wp-content\/uploads\/2024\/02\/426501373_381074224529461_2614139401473382599_n-225x300.jpg 225w, https:\/\/saintquentinenvermandois.fr\/wp-content\/uploads\/2024\/02\/426501373_381074224529461_2614139401473382599_n-768x1024.jpg 768w, https:\/\/saintquentinenvermandois.fr\/wp-content\/uploads\/2024\/02\/426501373_381074224529461_2614139401473382599_n-1152x1536.jpg 1152w, https:\/\/saintquentinenvermandois.fr\/wp-content\/uploads\/2024\/02\/426501373_381074224529461_2614139401473382599_n-1232x1643.jpg 1232w, https:\/\/saintquentinenvermandois.fr\/wp-content\/uploads\/2024\/02\/426501373_381074224529461_2614139401473382599_n-810x1080.jpg 810w, https:\/\/saintquentinenvermandois.fr\/wp-content\/uploads\/2024\/02\/426501373_381074224529461_2614139401473382599_n.jpg 1536w\" sizes=\"auto, (max-width: 451px) 100vw, 451px\" \/> <img loading=\"lazy\" decoding=\"async\" class=\"wp-image-660 aligncenter\" src=\"http:\/\/saintquentinenvermandois.fr\/wp-content\/uploads\/2024\/02\/426545623_381074311196119_5638094204883805196_n-225x300.jpg\" alt=\"\" width=\"451\" height=\"602\" srcset=\"https:\/\/saintquentinenvermandois.fr\/wp-content\/uploads\/2024\/02\/426545623_381074311196119_5638094204883805196_n-225x300.jpg 225w, https:\/\/saintquentinenvermandois.fr\/wp-content\/uploads\/2024\/02\/426545623_381074311196119_5638094204883805196_n-768x1024.jpg 768w, https:\/\/saintquentinenvermandois.fr\/wp-content\/uploads\/2024\/02\/426545623_381074311196119_5638094204883805196_n-1152x1536.jpg 1152w, https:\/\/saintquentinenvermandois.fr\/wp-content\/uploads\/2024\/02\/426545623_381074311196119_5638094204883805196_n-1232x1643.jpg 1232w, https:\/\/saintquentinenvermandois.fr\/wp-content\/uploads\/2024\/02\/426545623_381074311196119_5638094204883805196_n-810x1080.jpg 810w, https:\/\/saintquentinenvermandois.fr\/wp-content\/uploads\/2024\/02\/426545623_381074311196119_5638094204883805196_n.jpg 1536w\" sizes=\"auto, (max-width: 451px) 100vw, 451px\" \/> <img loading=\"lazy\" decoding=\"async\" class=\"wp-image-661 aligncenter\" src=\"http:\/\/saintquentinenvermandois.fr\/wp-content\/uploads\/2024\/02\/427790783_381074271196123_7471961005758176536_n-300x225.jpg\" alt=\"\" width=\"687\" height=\"515\" srcset=\"https:\/\/saintquentinenvermandois.fr\/wp-content\/uploads\/2024\/02\/427790783_381074271196123_7471961005758176536_n-300x225.jpg 300w, https:\/\/saintquentinenvermandois.fr\/wp-content\/uploads\/2024\/02\/427790783_381074271196123_7471961005758176536_n-1024x768.jpg 1024w, https:\/\/saintquentinenvermandois.fr\/wp-content\/uploads\/2024\/02\/427790783_381074271196123_7471961005758176536_n-768x576.jpg 768w, https:\/\/saintquentinenvermandois.fr\/wp-content\/uploads\/2024\/02\/427790783_381074271196123_7471961005758176536_n-1536x1152.jpg 1536w, https:\/\/saintquentinenvermandois.fr\/wp-content\/uploads\/2024\/02\/427790783_381074271196123_7471961005758176536_n-1232x924.jpg 1232w, https:\/\/saintquentinenvermandois.fr\/wp-content\/uploads\/2024\/02\/427790783_381074271196123_7471961005758176536_n-1440x1080.jpg 1440w, https:\/\/saintquentinenvermandois.fr\/wp-content\/uploads\/2024\/02\/427790783_381074271196123_7471961005758176536_n.jpg 2048w\" sizes=\"auto, (max-width: 687px) 100vw, 687px\" \/><\/p>\n","protected":false},"excerpt":{"rendered":"<p>C&#8217;est le d\u00e9but du car\u00eame! Messe du mercredi des cendres \u00e0 l&#8217;\u00e9glise St Martin \u00a0 \u00a0 \u00a0 \u00a0 \u00a0 \u00a0 \u00a0 \u00a0 \u00a0 \u00a0 \u00a0 \u00a0 \u00a0 \u00a0 \u00a0 \u00a0 \u00a0<\/p>\n","protected":false},"author":1,"featured_media":658,"comment_status":"closed","ping_status":"closed","sticky":false,"template":"","format":"standard","meta":{"footnotes":""},"categories":[9],"tags":[],"class_list":["post-657","post","type-post","status-publish","format-standard","has-post-thumbnail","hentry","category-careme"],"_links":{"self":[{"href":"https:\/\/saintquentinenvermandois.fr\/index.php?rest_route=\/wp\/v2\/posts\/657","targetHints":{"allow":["GET"]}}],"collection":[{"href":"https:\/\/saintquentinenvermandois.fr\/index.php?rest_route=\/wp\/v2\/posts"}],"about":[{"href":"https:\/\/saintquentinenvermandois.fr\/index.php?rest_route=\/wp\/v2\/types\/post"}],"author":[{"embeddable":true,"href":"https:\/\/saintquentinenvermandois.fr\/index.php?rest_route=\/wp\/v2\/users\/1"}],"replies":[{"embeddable":true,"href":"https:\/\/saintquentinenvermandois.fr\/index.php?rest_route=%2Fwp%2Fv2%2Fcomments&post=657"}],"version-history":[{"count":2,"href":"https:\/\/saintquentinenvermandois.fr\/index.php?rest_route=\/wp\/v2\/posts\/657\/revisions"}],"predecessor-version":[{"id":663,"href":"https:\/\/saintquentinenvermandois.fr\/index.php?rest_route=\/wp\/v2\/posts\/657\/revisions\/663"}],"wp:featuredmedia":[{"embeddable":true,"href":"https:\/\/saintquentinenvermandois.fr\/index.php?rest_route=\/wp\/v2\/media\/658"}],"wp:attachment":[{"href":"https:\/\/saintquentinenvermandois.fr\/index.php?rest_route=%2Fwp%2Fv2%2Fmedia&parent=657"}],"wp:term":[{"taxonomy":"category","embeddable":true,"href":"https:\/\/saintquentinenvermandois.fr\/index.php?rest_route=%2Fwp%2Fv2%2Fcategories&post=657"},{"taxonomy":"post_tag","embeddable":true,"href":"https:\/\/saintquentinenvermandois.fr\/index.php?rest_route=%2Fwp%2Fv2%2Ftags&post=657"}],"curies":[{"name":"wp","href":"https:\/\/api.w.org\/{rel}","templated":true}]}}