{"id":691,"date":"2024-03-23T12:00:12","date_gmt":"2024-03-23T11:00:12","guid":{"rendered":"https:\/\/saintquentinenvermandois.fr\/?p=691"},"modified":"2024-03-24T08:39:55","modified_gmt":"2024-03-24T07:39:55","slug":"en-route-vers-paques","status":"publish","type":"post","link":"https:\/\/saintquentinenvermandois.fr\/?p=691","title":{"rendered":"En route vers P\u00e2ques !"},"content":{"rendered":"<div class=\"x11i5rnm xat24cr x1mh8g0r x1vvkbs xtlvy1s x126k92a\">\n<div dir=\"auto\">Aujourd&#8217;hui 38 enfants se sont rassembl\u00e9s \u00e0 la maison paroissiale pour pr\u00e9parer la semaine sainte.<\/div>\n<div dir=\"auto\">Nous avons pr\u00e9par\u00e9 des Rameaux qui seront apport\u00e9s en procession demain \u00e0 la messe.<\/div>\n<div dir=\"auto\">Nous avons d\u00e9couvert le chemin de croix dans l&#8217;\u00e9glise St Martin et en atelier.<\/div>\n<div dir=\"auto\">Nous avons chant\u00e9, pri\u00e9, racont\u00e9, partag\u00e9, regard\u00e9, \u00e9cout\u00e9&#8230;<\/div>\n<\/div>\n<div class=\"x11i5rnm xat24cr x1mh8g0r x1vvkbs xtlvy1s x126k92a\">\n<div dir=\"auto\">Merci aux parents qui nous ont aid\u00e9 \u00e0 encadrer les enfants.<\/div>\n<\/div>\n<div class=\"x11i5rnm xat24cr x1mh8g0r x1vvkbs xtlvy1s x126k92a\">\n<div dir=\"auto\">Une belle rencontre avec beaucoup d&#8217;enfants pour la plus grande joie des cat\u00e9chistes <span class=\"x3nfvp2 x1j61x8r x1fcty0u xdj266r xhhsvwb xat24cr xgzva0m xxymvpz xlup9mm x1kky2od\"><img loading=\"lazy\" decoding=\"async\" class=\"xz74otr\" src=\"https:\/\/static.xx.fbcdn.net\/images\/emoji.php\/v9\/tf3\/1.5\/16\/2764.png\" alt=\"\u2764\ufe0f\" width=\"16\" height=\"16\" \/><\/span><\/div>\n<\/div>\n<div dir=\"auto\"><\/div>\n<div dir=\"auto\"><img loading=\"lazy\" decoding=\"async\" class=\"alignnone size-medium wp-image-692\" src=\"http:\/\/saintquentinenvermandois.fr\/wp-content\/uploads\/2024\/03\/TF-2024-300x225.jpg\" alt=\"\" width=\"300\" height=\"225\" srcset=\"https:\/\/saintquentinenvermandois.fr\/wp-content\/uploads\/2024\/03\/TF-2024-300x225.jpg 300w, https:\/\/saintquentinenvermandois.fr\/wp-content\/uploads\/2024\/03\/TF-2024-1024x768.jpg 1024w, https:\/\/saintquentinenvermandois.fr\/wp-content\/uploads\/2024\/03\/TF-2024-768x576.jpg 768w, https:\/\/saintquentinenvermandois.fr\/wp-content\/uploads\/2024\/03\/TF-2024-1536x1152.jpg 1536w, https:\/\/saintquentinenvermandois.fr\/wp-content\/uploads\/2024\/03\/TF-2024-1232x924.jpg 1232w, https:\/\/saintquentinenvermandois.fr\/wp-content\/uploads\/2024\/03\/TF-2024-1440x1080.jpg 1440w, https:\/\/saintquentinenvermandois.fr\/wp-content\/uploads\/2024\/03\/TF-2024.jpg 2048w\" sizes=\"auto, (max-width: 300px) 100vw, 300px\" \/> <img loading=\"lazy\" decoding=\"async\" class=\"alignnone size-medium wp-image-693\" src=\"http:\/\/saintquentinenvermandois.fr\/wp-content\/uploads\/2024\/03\/TF-2024-8-225x300.jpg\" alt=\"\" width=\"225\" height=\"300\" srcset=\"https:\/\/saintquentinenvermandois.fr\/wp-content\/uploads\/2024\/03\/TF-2024-8-225x300.jpg 225w, https:\/\/saintquentinenvermandois.fr\/wp-content\/uploads\/2024\/03\/TF-2024-8-768x1024.jpg 768w, https:\/\/saintquentinenvermandois.fr\/wp-content\/uploads\/2024\/03\/TF-2024-8-1152x1536.jpg 1152w, https:\/\/saintquentinenvermandois.fr\/wp-content\/uploads\/2024\/03\/TF-2024-8-1232x1643.jpg 1232w, https:\/\/saintquentinenvermandois.fr\/wp-content\/uploads\/2024\/03\/TF-2024-8-810x1080.jpg 810w, https:\/\/saintquentinenvermandois.fr\/wp-content\/uploads\/2024\/03\/TF-2024-8.jpg 1536w\" sizes=\"auto, (max-width: 225px) 100vw, 225px\" \/> <img loading=\"lazy\" decoding=\"async\" class=\"alignnone size-medium wp-image-694\" src=\"http:\/\/saintquentinenvermandois.fr\/wp-content\/uploads\/2024\/03\/TF-2024-7-300x225.jpg\" alt=\"\" width=\"300\" height=\"225\" srcset=\"https:\/\/saintquentinenvermandois.fr\/wp-content\/uploads\/2024\/03\/TF-2024-7-300x225.jpg 300w, https:\/\/saintquentinenvermandois.fr\/wp-content\/uploads\/2024\/03\/TF-2024-7-1024x768.jpg 1024w, https:\/\/saintquentinenvermandois.fr\/wp-content\/uploads\/2024\/03\/TF-2024-7-768x576.jpg 768w, https:\/\/saintquentinenvermandois.fr\/wp-content\/uploads\/2024\/03\/TF-2024-7-1536x1152.jpg 1536w, https:\/\/saintquentinenvermandois.fr\/wp-content\/uploads\/2024\/03\/TF-2024-7-1232x924.jpg 1232w, https:\/\/saintquentinenvermandois.fr\/wp-content\/uploads\/2024\/03\/TF-2024-7-1440x1080.jpg 1440w, https:\/\/saintquentinenvermandois.fr\/wp-content\/uploads\/2024\/03\/TF-2024-7.jpg 2048w\" sizes=\"auto, (max-width: 300px) 100vw, 300px\" \/> <img loading=\"lazy\" decoding=\"async\" class=\"alignnone size-medium wp-image-695\" src=\"http:\/\/saintquentinenvermandois.fr\/wp-content\/uploads\/2024\/03\/TF-2024-6-146x300.jpg\" alt=\"\" width=\"146\" height=\"300\" srcset=\"https:\/\/saintquentinenvermandois.fr\/wp-content\/uploads\/2024\/03\/TF-2024-6-146x300.jpg 146w, https:\/\/saintquentinenvermandois.fr\/wp-content\/uploads\/2024\/03\/TF-2024-6-498x1024.jpg 498w, https:\/\/saintquentinenvermandois.fr\/wp-content\/uploads\/2024\/03\/TF-2024-6-768x1580.jpg 768w, https:\/\/saintquentinenvermandois.fr\/wp-content\/uploads\/2024\/03\/TF-2024-6-746x1536.jpg 746w, https:\/\/saintquentinenvermandois.fr\/wp-content\/uploads\/2024\/03\/TF-2024-6-525x1080.jpg 525w, https:\/\/saintquentinenvermandois.fr\/wp-content\/uploads\/2024\/03\/TF-2024-6.jpg 777w\" sizes=\"auto, (max-width: 146px) 100vw, 146px\" \/> <img loading=\"lazy\" decoding=\"async\" class=\"alignnone size-medium wp-image-696\" src=\"http:\/\/saintquentinenvermandois.fr\/wp-content\/uploads\/2024\/03\/TF-2024-5-146x300.jpg\" alt=\"\" width=\"146\" height=\"300\" srcset=\"https:\/\/saintquentinenvermandois.fr\/wp-content\/uploads\/2024\/03\/TF-2024-5-146x300.jpg 146w, https:\/\/saintquentinenvermandois.fr\/wp-content\/uploads\/2024\/03\/TF-2024-5-498x1024.jpg 498w, https:\/\/saintquentinenvermandois.fr\/wp-content\/uploads\/2024\/03\/TF-2024-5-768x1580.jpg 768w, https:\/\/saintquentinenvermandois.fr\/wp-content\/uploads\/2024\/03\/TF-2024-5-746x1536.jpg 746w, https:\/\/saintquentinenvermandois.fr\/wp-content\/uploads\/2024\/03\/TF-2024-5-525x1080.jpg 525w, https:\/\/saintquentinenvermandois.fr\/wp-content\/uploads\/2024\/03\/TF-2024-5.jpg 777w\" sizes=\"auto, (max-width: 146px) 100vw, 146px\" \/> <img loading=\"lazy\" decoding=\"async\" class=\"alignnone size-medium wp-image-697\" src=\"http:\/\/saintquentinenvermandois.fr\/wp-content\/uploads\/2024\/03\/TF-2024-4-225x300.jpg\" alt=\"\" width=\"225\" height=\"300\" srcset=\"https:\/\/saintquentinenvermandois.fr\/wp-content\/uploads\/2024\/03\/TF-2024-4-225x300.jpg 225w, https:\/\/saintquentinenvermandois.fr\/wp-content\/uploads\/2024\/03\/TF-2024-4-768x1024.jpg 768w, https:\/\/saintquentinenvermandois.fr\/wp-content\/uploads\/2024\/03\/TF-2024-4-1152x1536.jpg 1152w, https:\/\/saintquentinenvermandois.fr\/wp-content\/uploads\/2024\/03\/TF-2024-4-1232x1643.jpg 1232w, https:\/\/saintquentinenvermandois.fr\/wp-content\/uploads\/2024\/03\/TF-2024-4-810x1080.jpg 810w, https:\/\/saintquentinenvermandois.fr\/wp-content\/uploads\/2024\/03\/TF-2024-4.jpg 1536w\" sizes=\"auto, (max-width: 225px) 100vw, 225px\" \/> <img loading=\"lazy\" decoding=\"async\" class=\"alignnone size-medium wp-image-698\" src=\"http:\/\/saintquentinenvermandois.fr\/wp-content\/uploads\/2024\/03\/TF-2024-3-225x300.jpg\" alt=\"\" width=\"225\" height=\"300\" srcset=\"https:\/\/saintquentinenvermandois.fr\/wp-content\/uploads\/2024\/03\/TF-2024-3-225x300.jpg 225w, https:\/\/saintquentinenvermandois.fr\/wp-content\/uploads\/2024\/03\/TF-2024-3-768x1024.jpg 768w, https:\/\/saintquentinenvermandois.fr\/wp-content\/uploads\/2024\/03\/TF-2024-3-1152x1536.jpg 1152w, https:\/\/saintquentinenvermandois.fr\/wp-content\/uploads\/2024\/03\/TF-2024-3-1232x1643.jpg 1232w, https:\/\/saintquentinenvermandois.fr\/wp-content\/uploads\/2024\/03\/TF-2024-3-810x1080.jpg 810w, https:\/\/saintquentinenvermandois.fr\/wp-content\/uploads\/2024\/03\/TF-2024-3.jpg 1536w\" sizes=\"auto, (max-width: 225px) 100vw, 225px\" \/> <img loading=\"lazy\" decoding=\"async\" class=\"alignnone size-medium wp-image-699\" src=\"http:\/\/saintquentinenvermandois.fr\/wp-content\/uploads\/2024\/03\/TF-2024-2-300x225.jpg\" alt=\"\" width=\"300\" height=\"225\" srcset=\"https:\/\/saintquentinenvermandois.fr\/wp-content\/uploads\/2024\/03\/TF-2024-2-300x225.jpg 300w, https:\/\/saintquentinenvermandois.fr\/wp-content\/uploads\/2024\/03\/TF-2024-2-1024x768.jpg 1024w, https:\/\/saintquentinenvermandois.fr\/wp-content\/uploads\/2024\/03\/TF-2024-2-768x576.jpg 768w, https:\/\/saintquentinenvermandois.fr\/wp-content\/uploads\/2024\/03\/TF-2024-2-1536x1152.jpg 1536w, https:\/\/saintquentinenvermandois.fr\/wp-content\/uploads\/2024\/03\/TF-2024-2-1232x924.jpg 1232w, https:\/\/saintquentinenvermandois.fr\/wp-content\/uploads\/2024\/03\/TF-2024-2-1440x1080.jpg 1440w, https:\/\/saintquentinenvermandois.fr\/wp-content\/uploads\/2024\/03\/TF-2024-2.jpg 2048w\" sizes=\"auto, (max-width: 300px) 100vw, 300px\" \/><\/div>\n","protected":false},"excerpt":{"rendered":"<p>Aujourd&#8217;hui 38 enfants se sont rassembl\u00e9s \u00e0 la maison paroissiale pour pr\u00e9parer la semaine sainte. Nous avons pr\u00e9par\u00e9 des Rameaux qui seront apport\u00e9s en procession demain \u00e0 la messe. Nous avons d\u00e9couvert le chemin de croix dans l&#8217;\u00e9glise St Martin et en atelier. Nous avons chant\u00e9, pri\u00e9, racont\u00e9, partag\u00e9, regard\u00e9, \u00e9cout\u00e9&#8230; Merci aux parents qui&nbsp;&hellip;<\/p>\n","protected":false},"author":1,"featured_media":692,"comment_status":"closed","ping_status":"closed","sticky":false,"template":"","format":"standard","meta":{"footnotes":""},"categories":[7],"tags":[],"class_list":["post-691","post","type-post","status-publish","format-standard","has-post-thumbnail","hentry","category-cate"],"_links":{"self":[{"href":"https:\/\/saintquentinenvermandois.fr\/index.php?rest_route=\/wp\/v2\/posts\/691","targetHints":{"allow":["GET"]}}],"collection":[{"href":"https:\/\/saintquentinenvermandois.fr\/index.php?rest_route=\/wp\/v2\/posts"}],"about":[{"href":"https:\/\/saintquentinenvermandois.fr\/index.php?rest_route=\/wp\/v2\/types\/post"}],"author":[{"embeddable":true,"href":"https:\/\/saintquentinenvermandois.fr\/index.php?rest_route=\/wp\/v2\/users\/1"}],"replies":[{"embeddable":true,"href":"https:\/\/saintquentinenvermandois.fr\/index.php?rest_route=%2Fwp%2Fv2%2Fcomments&post=691"}],"version-history":[{"count":1,"href":"https:\/\/saintquentinenvermandois.fr\/index.php?rest_route=\/wp\/v2\/posts\/691\/revisions"}],"predecessor-version":[{"id":700,"href":"https:\/\/saintquentinenvermandois.fr\/index.php?rest_route=\/wp\/v2\/posts\/691\/revisions\/700"}],"wp:featuredmedia":[{"embeddable":true,"href":"https:\/\/saintquentinenvermandois.fr\/index.php?rest_route=\/wp\/v2\/media\/692"}],"wp:attachment":[{"href":"https:\/\/saintquentinenvermandois.fr\/index.php?rest_route=%2Fwp%2Fv2%2Fmedia&parent=691"}],"wp:term":[{"taxonomy":"category","embeddable":true,"href":"https:\/\/saintquentinenvermandois.fr\/index.php?rest_route=%2Fwp%2Fv2%2Fcategories&post=691"},{"taxonomy":"post_tag","embeddable":true,"href":"https:\/\/saintquentinenvermandois.fr\/index.php?rest_route=%2Fwp%2Fv2%2Ftags&post=691"}],"curies":[{"name":"wp","href":"https:\/\/api.w.org\/{rel}","templated":true}]}}