{"id":706,"date":"2024-03-31T12:00:27","date_gmt":"2024-03-31T10:00:27","guid":{"rendered":"https:\/\/saintquentinenvermandois.fr\/?p=706"},"modified":"2024-04-13T08:24:53","modified_gmt":"2024-04-13T06:24:53","slug":"messe-de-paques","status":"publish","type":"post","link":"https:\/\/saintquentinenvermandois.fr\/?p=706","title":{"rendered":"Messe de P\u00e2ques"},"content":{"rendered":"<div dir=\"auto\">Petit retour sur la messe de P\u00e2ques \u00e0 l&#8217;\u00e9glise St Martin c\u00e9l\u00e9br\u00e9e par notre \u00c9v\u00eaque qui a baptis\u00e9 des jeunes cat\u00e9chum\u00e8nes.<\/div>\n<div dir=\"auto\">Nous sommes tr\u00e8s heureux pour \u00c9milie, Gwendoline et Quentin qui ont \u00e9t\u00e9 accompagn\u00e9s par le P\u00e8re Dominique jusqu&#8217;\u00e0 leur bapt\u00eame.<\/div>\n<div dir=\"auto\"><\/div>\n<div dir=\"auto\"><img loading=\"lazy\" decoding=\"async\" class=\"alignnone size-medium wp-image-708\" src=\"http:\/\/saintquentinenvermandois.fr\/wp-content\/uploads\/2024\/04\/433860191_406622315307985_6113756582141078174_n-259x300.jpg\" alt=\"\" width=\"259\" height=\"300\" srcset=\"https:\/\/saintquentinenvermandois.fr\/wp-content\/uploads\/2024\/04\/433860191_406622315307985_6113756582141078174_n-259x300.jpg 259w, https:\/\/saintquentinenvermandois.fr\/wp-content\/uploads\/2024\/04\/433860191_406622315307985_6113756582141078174_n-768x890.jpg 768w, https:\/\/saintquentinenvermandois.fr\/wp-content\/uploads\/2024\/04\/433860191_406622315307985_6113756582141078174_n.jpg 777w\" sizes=\"auto, (max-width: 259px) 100vw, 259px\" \/> <img loading=\"lazy\" decoding=\"async\" class=\"alignnone size-medium wp-image-709\" src=\"http:\/\/saintquentinenvermandois.fr\/wp-content\/uploads\/2024\/04\/434567226_406622371974646_7152093596715320825_n-225x300.jpg\" alt=\"\" width=\"225\" height=\"300\" srcset=\"https:\/\/saintquentinenvermandois.fr\/wp-content\/uploads\/2024\/04\/434567226_406622371974646_7152093596715320825_n-225x300.jpg 225w, https:\/\/saintquentinenvermandois.fr\/wp-content\/uploads\/2024\/04\/434567226_406622371974646_7152093596715320825_n-768x1024.jpg 768w, https:\/\/saintquentinenvermandois.fr\/wp-content\/uploads\/2024\/04\/434567226_406622371974646_7152093596715320825_n-1152x1536.jpg 1152w, https:\/\/saintquentinenvermandois.fr\/wp-content\/uploads\/2024\/04\/434567226_406622371974646_7152093596715320825_n-810x1080.jpg 810w, https:\/\/saintquentinenvermandois.fr\/wp-content\/uploads\/2024\/04\/434567226_406622371974646_7152093596715320825_n.jpg 1200w\" sizes=\"auto, (max-width: 225px) 100vw, 225px\" \/> <img loading=\"lazy\" decoding=\"async\" class=\"alignnone size-medium wp-image-710\" src=\"http:\/\/saintquentinenvermandois.fr\/wp-content\/uploads\/2024\/04\/433873295_406622221974661_8040295270794024821_n-277x300.jpg\" alt=\"\" width=\"277\" height=\"300\" srcset=\"https:\/\/saintquentinenvermandois.fr\/wp-content\/uploads\/2024\/04\/433873295_406622221974661_8040295270794024821_n-277x300.jpg 277w, https:\/\/saintquentinenvermandois.fr\/wp-content\/uploads\/2024\/04\/433873295_406622221974661_8040295270794024821_n-768x833.jpg 768w, https:\/\/saintquentinenvermandois.fr\/wp-content\/uploads\/2024\/04\/433873295_406622221974661_8040295270794024821_n.jpg 777w\" sizes=\"auto, (max-width: 277px) 100vw, 277px\" \/> <img loading=\"lazy\" decoding=\"async\" class=\"alignnone size-medium wp-image-711\" src=\"http:\/\/saintquentinenvermandois.fr\/wp-content\/uploads\/2024\/04\/433941696_406622178641332_4915712462514997709_n-114x300.jpg\" alt=\"\" width=\"114\" height=\"300\" srcset=\"https:\/\/saintquentinenvermandois.fr\/wp-content\/uploads\/2024\/04\/433941696_406622178641332_4915712462514997709_n-114x300.jpg 114w, https:\/\/saintquentinenvermandois.fr\/wp-content\/uploads\/2024\/04\/433941696_406622178641332_4915712462514997709_n-389x1024.jpg 389w, https:\/\/saintquentinenvermandois.fr\/wp-content\/uploads\/2024\/04\/433941696_406622178641332_4915712462514997709_n-410x1080.jpg 410w, https:\/\/saintquentinenvermandois.fr\/wp-content\/uploads\/2024\/04\/433941696_406622178641332_4915712462514997709_n.jpg 539w\" sizes=\"auto, (max-width: 114px) 100vw, 114px\" \/> <img loading=\"lazy\" decoding=\"async\" class=\"alignnone size-medium wp-image-712\" src=\"http:\/\/saintquentinenvermandois.fr\/wp-content\/uploads\/2024\/04\/IMG-20240331-WA0014-225x300.jpg\" alt=\"\" width=\"225\" height=\"300\" srcset=\"https:\/\/saintquentinenvermandois.fr\/wp-content\/uploads\/2024\/04\/IMG-20240331-WA0014-225x300.jpg 225w, https:\/\/saintquentinenvermandois.fr\/wp-content\/uploads\/2024\/04\/IMG-20240331-WA0014-768x1024.jpg 768w, https:\/\/saintquentinenvermandois.fr\/wp-content\/uploads\/2024\/04\/IMG-20240331-WA0014-1152x1536.jpg 1152w, https:\/\/saintquentinenvermandois.fr\/wp-content\/uploads\/2024\/04\/IMG-20240331-WA0014-810x1080.jpg 810w, https:\/\/saintquentinenvermandois.fr\/wp-content\/uploads\/2024\/04\/IMG-20240331-WA0014.jpg 1200w\" sizes=\"auto, (max-width: 225px) 100vw, 225px\" \/> <img loading=\"lazy\" decoding=\"async\" class=\"alignnone size-medium wp-image-713\" src=\"http:\/\/saintquentinenvermandois.fr\/wp-content\/uploads\/2024\/04\/IMG-20240331-WA0011-1-225x300.jpg\" alt=\"\" width=\"225\" height=\"300\" srcset=\"https:\/\/saintquentinenvermandois.fr\/wp-content\/uploads\/2024\/04\/IMG-20240331-WA0011-1-225x300.jpg 225w, https:\/\/saintquentinenvermandois.fr\/wp-content\/uploads\/2024\/04\/IMG-20240331-WA0011-1-768x1024.jpg 768w, https:\/\/saintquentinenvermandois.fr\/wp-content\/uploads\/2024\/04\/IMG-20240331-WA0011-1-1152x1536.jpg 1152w, https:\/\/saintquentinenvermandois.fr\/wp-content\/uploads\/2024\/04\/IMG-20240331-WA0011-1-810x1080.jpg 810w, https:\/\/saintquentinenvermandois.fr\/wp-content\/uploads\/2024\/04\/IMG-20240331-WA0011-1.jpg 1200w\" sizes=\"auto, (max-width: 225px) 100vw, 225px\" \/><\/div>\n","protected":false},"excerpt":{"rendered":"<p>Petit retour sur la messe de P\u00e2ques \u00e0 l&#8217;\u00e9glise St Martin c\u00e9l\u00e9br\u00e9e par notre \u00c9v\u00eaque qui a baptis\u00e9 des jeunes cat\u00e9chum\u00e8nes. Nous sommes tr\u00e8s heureux pour \u00c9milie, Gwendoline et Quentin qui ont \u00e9t\u00e9 accompagn\u00e9s par le P\u00e8re Dominique jusqu&#8217;\u00e0 leur bapt\u00eame.<\/p>\n","protected":false},"author":1,"featured_media":707,"comment_status":"closed","ping_status":"closed","sticky":false,"template":"","format":"standard","meta":{"footnotes":""},"categories":[10],"tags":[],"class_list":["post-706","post","type-post","status-publish","format-standard","has-post-thumbnail","hentry","category-paques"],"_links":{"self":[{"href":"https:\/\/saintquentinenvermandois.fr\/index.php?rest_route=\/wp\/v2\/posts\/706","targetHints":{"allow":["GET"]}}],"collection":[{"href":"https:\/\/saintquentinenvermandois.fr\/index.php?rest_route=\/wp\/v2\/posts"}],"about":[{"href":"https:\/\/saintquentinenvermandois.fr\/index.php?rest_route=\/wp\/v2\/types\/post"}],"author":[{"embeddable":true,"href":"https:\/\/saintquentinenvermandois.fr\/index.php?rest_route=\/wp\/v2\/users\/1"}],"replies":[{"embeddable":true,"href":"https:\/\/saintquentinenvermandois.fr\/index.php?rest_route=%2Fwp%2Fv2%2Fcomments&post=706"}],"version-history":[{"count":1,"href":"https:\/\/saintquentinenvermandois.fr\/index.php?rest_route=\/wp\/v2\/posts\/706\/revisions"}],"predecessor-version":[{"id":714,"href":"https:\/\/saintquentinenvermandois.fr\/index.php?rest_route=\/wp\/v2\/posts\/706\/revisions\/714"}],"wp:featuredmedia":[{"embeddable":true,"href":"https:\/\/saintquentinenvermandois.fr\/index.php?rest_route=\/wp\/v2\/media\/707"}],"wp:attachment":[{"href":"https:\/\/saintquentinenvermandois.fr\/index.php?rest_route=%2Fwp%2Fv2%2Fmedia&parent=706"}],"wp:term":[{"taxonomy":"category","embeddable":true,"href":"https:\/\/saintquentinenvermandois.fr\/index.php?rest_route=%2Fwp%2Fv2%2Fcategories&post=706"},{"taxonomy":"post_tag","embeddable":true,"href":"https:\/\/saintquentinenvermandois.fr\/index.php?rest_route=%2Fwp%2Fv2%2Ftags&post=706"}],"curies":[{"name":"wp","href":"https:\/\/api.w.org\/{rel}","templated":true}]}}