{"id":730,"date":"2024-05-19T11:00:39","date_gmt":"2024-05-19T09:00:39","guid":{"rendered":"https:\/\/saintquentinenvermandois.fr\/?p=730"},"modified":"2024-05-22T20:48:48","modified_gmt":"2024-05-22T18:48:48","slug":"profession-de-foi-et-fete-de-la-pentecote","status":"publish","type":"post","link":"https:\/\/saintquentinenvermandois.fr\/?p=730","title":{"rendered":"Profession de foi et f\u00eate de la Pentec\u00f4te"},"content":{"rendered":"<div class=\"xdj266r x11i5rnm xat24cr x1mh8g0r x1vvkbs x126k92a\">\n<div dir=\"auto\">Tr\u00e8s belle c\u00e9l\u00e9bration pour 14 jeunes qui ont fait leur profession de foi le jour de la Pentec\u00f4te <span class=\"html-span xexx8yu x4uap5 x18d9i69 xkhd6sd x1hl2dhg x16tdsg8 x1vvkbs x3nfvp2 x1j61x8r x1fcty0u xdj266r xhhsvwb xat24cr xgzva0m xxymvpz xlup9mm x1kky2od\"><img loading=\"lazy\" decoding=\"async\" class=\"xz74otr\" src=\"https:\/\/static.xx.fbcdn.net\/images\/emoji.php\/v9\/t80\/1\/16\/1f64f.png\" alt=\"\ud83d\ude4f\" width=\"16\" height=\"16\" \/><\/span><span class=\"html-span xexx8yu x4uap5 x18d9i69 xkhd6sd x1hl2dhg x16tdsg8 x1vvkbs x3nfvp2 x1j61x8r x1fcty0u xdj266r xhhsvwb xat24cr xgzva0m xxymvpz xlup9mm x1kky2od\"><img loading=\"lazy\" decoding=\"async\" class=\"xz74otr\" src=\"https:\/\/static.xx.fbcdn.net\/images\/emoji.php\/v9\/t6c\/1\/16\/2764.png\" alt=\"\u2764\ufe0f\" width=\"16\" height=\"16\" \/><\/span><\/div>\n<div dir=\"auto\"><\/div>\n<div dir=\"auto\">\n<div class=\"xdj266r x11i5rnm xat24cr x1mh8g0r x1vvkbs x126k92a\">\n<div dir=\"auto\"><img loading=\"lazy\" decoding=\"async\" class=\"alignnone size-medium wp-image-731\" src=\"http:\/\/saintquentinenvermandois.fr\/wp-content\/uploads\/2024\/05\/JEA06175-300x200.jpg\" alt=\"\" width=\"300\" height=\"200\" srcset=\"https:\/\/saintquentinenvermandois.fr\/wp-content\/uploads\/2024\/05\/JEA06175-300x200.jpg 300w, https:\/\/saintquentinenvermandois.fr\/wp-content\/uploads\/2024\/05\/JEA06175-1024x683.jpg 1024w, https:\/\/saintquentinenvermandois.fr\/wp-content\/uploads\/2024\/05\/JEA06175-768x512.jpg 768w, https:\/\/saintquentinenvermandois.fr\/wp-content\/uploads\/2024\/05\/JEA06175-1536x1024.jpg 1536w, https:\/\/saintquentinenvermandois.fr\/wp-content\/uploads\/2024\/05\/JEA06175-2048x1365.jpg 2048w, https:\/\/saintquentinenvermandois.fr\/wp-content\/uploads\/2024\/05\/JEA06175-1232x821.jpg 1232w, https:\/\/saintquentinenvermandois.fr\/wp-content\/uploads\/2024\/05\/JEA06175-1620x1080.jpg 1620w\" sizes=\"auto, (max-width: 300px) 100vw, 300px\" \/> <img loading=\"lazy\" decoding=\"async\" class=\"alignnone size-medium wp-image-732\" src=\"http:\/\/saintquentinenvermandois.fr\/wp-content\/uploads\/2024\/05\/JEA06154-300x200.jpg\" alt=\"\" width=\"300\" height=\"200\" srcset=\"https:\/\/saintquentinenvermandois.fr\/wp-content\/uploads\/2024\/05\/JEA06154-300x200.jpg 300w, https:\/\/saintquentinenvermandois.fr\/wp-content\/uploads\/2024\/05\/JEA06154-1024x683.jpg 1024w, https:\/\/saintquentinenvermandois.fr\/wp-content\/uploads\/2024\/05\/JEA06154-768x512.jpg 768w, https:\/\/saintquentinenvermandois.fr\/wp-content\/uploads\/2024\/05\/JEA06154-1536x1024.jpg 1536w, https:\/\/saintquentinenvermandois.fr\/wp-content\/uploads\/2024\/05\/JEA06154-2048x1365.jpg 2048w, https:\/\/saintquentinenvermandois.fr\/wp-content\/uploads\/2024\/05\/JEA06154-1232x821.jpg 1232w, https:\/\/saintquentinenvermandois.fr\/wp-content\/uploads\/2024\/05\/JEA06154-1620x1080.jpg 1620w\" sizes=\"auto, (max-width: 300px) 100vw, 300px\" \/> <img loading=\"lazy\" decoding=\"async\" class=\"alignnone size-medium wp-image-733\" src=\"http:\/\/saintquentinenvermandois.fr\/wp-content\/uploads\/2024\/05\/JEA06109-300x200.jpg\" alt=\"\" width=\"300\" height=\"200\" srcset=\"https:\/\/saintquentinenvermandois.fr\/wp-content\/uploads\/2024\/05\/JEA06109-300x200.jpg 300w, https:\/\/saintquentinenvermandois.fr\/wp-content\/uploads\/2024\/05\/JEA06109-1024x683.jpg 1024w, https:\/\/saintquentinenvermandois.fr\/wp-content\/uploads\/2024\/05\/JEA06109-768x512.jpg 768w, https:\/\/saintquentinenvermandois.fr\/wp-content\/uploads\/2024\/05\/JEA06109-1536x1024.jpg 1536w, https:\/\/saintquentinenvermandois.fr\/wp-content\/uploads\/2024\/05\/JEA06109-2048x1365.jpg 2048w, https:\/\/saintquentinenvermandois.fr\/wp-content\/uploads\/2024\/05\/JEA06109-1232x821.jpg 1232w, https:\/\/saintquentinenvermandois.fr\/wp-content\/uploads\/2024\/05\/JEA06109-1620x1080.jpg 1620w\" sizes=\"auto, (max-width: 300px) 100vw, 300px\" \/> <img loading=\"lazy\" decoding=\"async\" class=\"alignnone size-medium wp-image-734\" src=\"http:\/\/saintquentinenvermandois.fr\/wp-content\/uploads\/2024\/05\/JEA05962-300x200.jpg\" alt=\"\" width=\"300\" height=\"200\" srcset=\"https:\/\/saintquentinenvermandois.fr\/wp-content\/uploads\/2024\/05\/JEA05962-300x200.jpg 300w, https:\/\/saintquentinenvermandois.fr\/wp-content\/uploads\/2024\/05\/JEA05962-1024x683.jpg 1024w, https:\/\/saintquentinenvermandois.fr\/wp-content\/uploads\/2024\/05\/JEA05962-768x512.jpg 768w, https:\/\/saintquentinenvermandois.fr\/wp-content\/uploads\/2024\/05\/JEA05962-1536x1024.jpg 1536w, https:\/\/saintquentinenvermandois.fr\/wp-content\/uploads\/2024\/05\/JEA05962-2048x1365.jpg 2048w, https:\/\/saintquentinenvermandois.fr\/wp-content\/uploads\/2024\/05\/JEA05962-1232x821.jpg 1232w, https:\/\/saintquentinenvermandois.fr\/wp-content\/uploads\/2024\/05\/JEA05962-1620x1080.jpg 1620w\" sizes=\"auto, (max-width: 300px) 100vw, 300px\" \/><\/div>\n<\/div>\n<\/div>\n<\/div>\n","protected":false},"excerpt":{"rendered":"<p>Tr\u00e8s belle c\u00e9l\u00e9bration pour 14 jeunes qui ont fait leur profession de foi le jour de la Pentec\u00f4te<\/p>\n","protected":false},"author":1,"featured_media":735,"comment_status":"open","ping_status":"open","sticky":false,"template":"","format":"standard","meta":{"footnotes":""},"categories":[8],"tags":[],"class_list":["post-730","post","type-post","status-publish","format-standard","has-post-thumbnail","hentry","category-evenement"],"_links":{"self":[{"href":"https:\/\/saintquentinenvermandois.fr\/index.php?rest_route=\/wp\/v2\/posts\/730","targetHints":{"allow":["GET"]}}],"collection":[{"href":"https:\/\/saintquentinenvermandois.fr\/index.php?rest_route=\/wp\/v2\/posts"}],"about":[{"href":"https:\/\/saintquentinenvermandois.fr\/index.php?rest_route=\/wp\/v2\/types\/post"}],"author":[{"embeddable":true,"href":"https:\/\/saintquentinenvermandois.fr\/index.php?rest_route=\/wp\/v2\/users\/1"}],"replies":[{"embeddable":true,"href":"https:\/\/saintquentinenvermandois.fr\/index.php?rest_route=%2Fwp%2Fv2%2Fcomments&post=730"}],"version-history":[{"count":1,"href":"https:\/\/saintquentinenvermandois.fr\/index.php?rest_route=\/wp\/v2\/posts\/730\/revisions"}],"predecessor-version":[{"id":736,"href":"https:\/\/saintquentinenvermandois.fr\/index.php?rest_route=\/wp\/v2\/posts\/730\/revisions\/736"}],"wp:featuredmedia":[{"embeddable":true,"href":"https:\/\/saintquentinenvermandois.fr\/index.php?rest_route=\/wp\/v2\/media\/735"}],"wp:attachment":[{"href":"https:\/\/saintquentinenvermandois.fr\/index.php?rest_route=%2Fwp%2Fv2%2Fmedia&parent=730"}],"wp:term":[{"taxonomy":"category","embeddable":true,"href":"https:\/\/saintquentinenvermandois.fr\/index.php?rest_route=%2Fwp%2Fv2%2Fcategories&post=730"},{"taxonomy":"post_tag","embeddable":true,"href":"https:\/\/saintquentinenvermandois.fr\/index.php?rest_route=%2Fwp%2Fv2%2Ftags&post=730"}],"curies":[{"name":"wp","href":"https:\/\/api.w.org\/{rel}","templated":true}]}}