{"id":739,"date":"2024-06-07T19:00:36","date_gmt":"2024-06-07T17:00:36","guid":{"rendered":"https:\/\/saintquentinenvermandois.fr\/?p=739"},"modified":"2024-06-16T08:17:05","modified_gmt":"2024-06-16T06:17:05","slug":"messe-de-le-fete-du-sacre-coeur","status":"publish","type":"post","link":"https:\/\/saintquentinenvermandois.fr\/?p=739","title":{"rendered":"Messe de la f\u00eate du Sacr\u00e9 C\u0153ur"},"content":{"rendered":"<div dir=\"auto\">Nos pr\u00eatres font partie de la congr\u00e9gation des pr\u00eatres du Sacr\u00e9 C\u0153ur. Hier pour la f\u00eate du Sacr\u00e9 C\u0153ur, une messe \u00e9tait c\u00e9l\u00e9br\u00e9e avec la participation des enfants.<\/div>\n<div dir=\"auto\">Tout le monde a pu ensuite partager un moment convivial autour d&#8217;un ap\u00e9ritif dinatoire.<\/div>\n<div dir=\"auto\"><\/div>\n<div dir=\"auto\"><img loading=\"lazy\" decoding=\"async\" class=\"alignnone wp-image-741\" src=\"http:\/\/saintquentinenvermandois.fr\/wp-content\/uploads\/2024\/06\/447756958_446651034638446_892222643652308240_n-225x300.jpg\" alt=\"\" width=\"304\" height=\"406\" srcset=\"https:\/\/saintquentinenvermandois.fr\/wp-content\/uploads\/2024\/06\/447756958_446651034638446_892222643652308240_n-225x300.jpg 225w, https:\/\/saintquentinenvermandois.fr\/wp-content\/uploads\/2024\/06\/447756958_446651034638446_892222643652308240_n.jpg 720w\" sizes=\"auto, (max-width: 304px) 100vw, 304px\" \/> <img loading=\"lazy\" decoding=\"async\" class=\"alignnone wp-image-742\" src=\"http:\/\/saintquentinenvermandois.fr\/wp-content\/uploads\/2024\/06\/447767152_446650834638466_2936961660119830086_n-300x225.jpg\" alt=\"\" width=\"420\" height=\"315\" srcset=\"https:\/\/saintquentinenvermandois.fr\/wp-content\/uploads\/2024\/06\/447767152_446650834638466_2936961660119830086_n-300x225.jpg 300w, https:\/\/saintquentinenvermandois.fr\/wp-content\/uploads\/2024\/06\/447767152_446650834638466_2936961660119830086_n-768x576.jpg 768w, https:\/\/saintquentinenvermandois.fr\/wp-content\/uploads\/2024\/06\/447767152_446650834638466_2936961660119830086_n.jpg 960w\" sizes=\"auto, (max-width: 420px) 100vw, 420px\" \/> <img loading=\"lazy\" decoding=\"async\" class=\"alignnone wp-image-743\" src=\"http:\/\/saintquentinenvermandois.fr\/wp-content\/uploads\/2024\/06\/445066730_446651507971732_5877330446494520790_n-300x225.jpg\" alt=\"\" width=\"389\" height=\"292\" srcset=\"https:\/\/saintquentinenvermandois.fr\/wp-content\/uploads\/2024\/06\/445066730_446651507971732_5877330446494520790_n-300x225.jpg 300w, https:\/\/saintquentinenvermandois.fr\/wp-content\/uploads\/2024\/06\/445066730_446651507971732_5877330446494520790_n-1024x768.jpg 1024w, https:\/\/saintquentinenvermandois.fr\/wp-content\/uploads\/2024\/06\/445066730_446651507971732_5877330446494520790_n-768x576.jpg 768w, https:\/\/saintquentinenvermandois.fr\/wp-content\/uploads\/2024\/06\/445066730_446651507971732_5877330446494520790_n-1536x1152.jpg 1536w, https:\/\/saintquentinenvermandois.fr\/wp-content\/uploads\/2024\/06\/445066730_446651507971732_5877330446494520790_n-1232x924.jpg 1232w, https:\/\/saintquentinenvermandois.fr\/wp-content\/uploads\/2024\/06\/445066730_446651507971732_5877330446494520790_n-1440x1080.jpg 1440w, https:\/\/saintquentinenvermandois.fr\/wp-content\/uploads\/2024\/06\/445066730_446651507971732_5877330446494520790_n.jpg 2048w\" sizes=\"auto, (max-width: 389px) 100vw, 389px\" \/> <img loading=\"lazy\" decoding=\"async\" class=\"alignnone wp-image-744\" src=\"http:\/\/saintquentinenvermandois.fr\/wp-content\/uploads\/2024\/06\/445413699_446651311305085_5844158263305733296_n-300x225.jpg\" alt=\"\" width=\"391\" height=\"293\" srcset=\"https:\/\/saintquentinenvermandois.fr\/wp-content\/uploads\/2024\/06\/445413699_446651311305085_5844158263305733296_n-300x225.jpg 300w, https:\/\/saintquentinenvermandois.fr\/wp-content\/uploads\/2024\/06\/445413699_446651311305085_5844158263305733296_n-1024x768.jpg 1024w, https:\/\/saintquentinenvermandois.fr\/wp-content\/uploads\/2024\/06\/445413699_446651311305085_5844158263305733296_n-768x576.jpg 768w, https:\/\/saintquentinenvermandois.fr\/wp-content\/uploads\/2024\/06\/445413699_446651311305085_5844158263305733296_n-1536x1152.jpg 1536w, https:\/\/saintquentinenvermandois.fr\/wp-content\/uploads\/2024\/06\/445413699_446651311305085_5844158263305733296_n-1232x924.jpg 1232w, https:\/\/saintquentinenvermandois.fr\/wp-content\/uploads\/2024\/06\/445413699_446651311305085_5844158263305733296_n-1440x1080.jpg 1440w, https:\/\/saintquentinenvermandois.fr\/wp-content\/uploads\/2024\/06\/445413699_446651311305085_5844158263305733296_n.jpg 2048w\" sizes=\"auto, (max-width: 391px) 100vw, 391px\" \/><\/div>\n","protected":false},"excerpt":{"rendered":"<p>Nos pr\u00eatres font partie de la congr\u00e9gation des pr\u00eatres du Sacr\u00e9 C\u0153ur. Hier pour la f\u00eate du Sacr\u00e9 C\u0153ur, une messe \u00e9tait c\u00e9l\u00e9br\u00e9e avec la participation des enfants. Tout le monde a pu ensuite partager un moment convivial autour d&#8217;un ap\u00e9ritif dinatoire.<\/p>\n","protected":false},"author":1,"featured_media":740,"comment_status":"open","ping_status":"open","sticky":false,"template":"","format":"standard","meta":{"footnotes":""},"categories":[11],"tags":[],"class_list":["post-739","post","type-post","status-publish","format-standard","has-post-thumbnail","hentry","category-fete"],"_links":{"self":[{"href":"https:\/\/saintquentinenvermandois.fr\/index.php?rest_route=\/wp\/v2\/posts\/739","targetHints":{"allow":["GET"]}}],"collection":[{"href":"https:\/\/saintquentinenvermandois.fr\/index.php?rest_route=\/wp\/v2\/posts"}],"about":[{"href":"https:\/\/saintquentinenvermandois.fr\/index.php?rest_route=\/wp\/v2\/types\/post"}],"author":[{"embeddable":true,"href":"https:\/\/saintquentinenvermandois.fr\/index.php?rest_route=\/wp\/v2\/users\/1"}],"replies":[{"embeddable":true,"href":"https:\/\/saintquentinenvermandois.fr\/index.php?rest_route=%2Fwp%2Fv2%2Fcomments&post=739"}],"version-history":[{"count":2,"href":"https:\/\/saintquentinenvermandois.fr\/index.php?rest_route=\/wp\/v2\/posts\/739\/revisions"}],"predecessor-version":[{"id":755,"href":"https:\/\/saintquentinenvermandois.fr\/index.php?rest_route=\/wp\/v2\/posts\/739\/revisions\/755"}],"wp:featuredmedia":[{"embeddable":true,"href":"https:\/\/saintquentinenvermandois.fr\/index.php?rest_route=\/wp\/v2\/media\/740"}],"wp:attachment":[{"href":"https:\/\/saintquentinenvermandois.fr\/index.php?rest_route=%2Fwp%2Fv2%2Fmedia&parent=739"}],"wp:term":[{"taxonomy":"category","embeddable":true,"href":"https:\/\/saintquentinenvermandois.fr\/index.php?rest_route=%2Fwp%2Fv2%2Fcategories&post=739"},{"taxonomy":"post_tag","embeddable":true,"href":"https:\/\/saintquentinenvermandois.fr\/index.php?rest_route=%2Fwp%2Fv2%2Ftags&post=739"}],"curies":[{"name":"wp","href":"https:\/\/api.w.org\/{rel}","templated":true}]}}