{"id":746,"date":"2024-06-09T11:00:17","date_gmt":"2024-06-09T09:00:17","guid":{"rendered":"https:\/\/saintquentinenvermandois.fr\/?p=746"},"modified":"2024-06-10T21:00:33","modified_gmt":"2024-06-10T19:00:33","slug":"premiere-des-communions","status":"publish","type":"post","link":"https:\/\/saintquentinenvermandois.fr\/?p=746","title":{"rendered":"Premi\u00e8re des communions"},"content":{"rendered":"<div dir=\"auto\">Ce dimanche 14 enfants et une adulte ont fait leur premi\u00e8re communion \u00e0 l&#8217;\u00e9glise St Martin.<\/div>\n<div dir=\"auto\">Tr\u00e8s belle c\u00e9l\u00e9bration.<\/div>\n<div dir=\"auto\"><\/div>\n<div dir=\"auto\"><img loading=\"lazy\" decoding=\"async\" class=\"alignnone  wp-image-751\" src=\"http:\/\/saintquentinenvermandois.fr\/wp-content\/uploads\/2024\/06\/448166609_447973724506177_8760951876897295494_n-225x300.jpg\" alt=\"\" width=\"367\" height=\"490\" srcset=\"https:\/\/saintquentinenvermandois.fr\/wp-content\/uploads\/2024\/06\/448166609_447973724506177_8760951876897295494_n-225x300.jpg 225w, https:\/\/saintquentinenvermandois.fr\/wp-content\/uploads\/2024\/06\/448166609_447973724506177_8760951876897295494_n-768x1024.jpg 768w, https:\/\/saintquentinenvermandois.fr\/wp-content\/uploads\/2024\/06\/448166609_447973724506177_8760951876897295494_n-1152x1536.jpg 1152w, https:\/\/saintquentinenvermandois.fr\/wp-content\/uploads\/2024\/06\/448166609_447973724506177_8760951876897295494_n-810x1080.jpg 810w, https:\/\/saintquentinenvermandois.fr\/wp-content\/uploads\/2024\/06\/448166609_447973724506177_8760951876897295494_n.jpg 1200w\" sizes=\"auto, (max-width: 367px) 100vw, 367px\" \/> <img loading=\"lazy\" decoding=\"async\" class=\"alignnone  wp-image-748\" src=\"http:\/\/saintquentinenvermandois.fr\/wp-content\/uploads\/2024\/06\/428681477_447972717839611_8597469105151272322_n-225x300.jpg\" alt=\"\" width=\"366\" height=\"488\" srcset=\"https:\/\/saintquentinenvermandois.fr\/wp-content\/uploads\/2024\/06\/428681477_447972717839611_8597469105151272322_n-225x300.jpg 225w, https:\/\/saintquentinenvermandois.fr\/wp-content\/uploads\/2024\/06\/428681477_447972717839611_8597469105151272322_n-768x1024.jpg 768w, https:\/\/saintquentinenvermandois.fr\/wp-content\/uploads\/2024\/06\/428681477_447972717839611_8597469105151272322_n-1152x1536.jpg 1152w, https:\/\/saintquentinenvermandois.fr\/wp-content\/uploads\/2024\/06\/428681477_447972717839611_8597469105151272322_n-810x1080.jpg 810w, https:\/\/saintquentinenvermandois.fr\/wp-content\/uploads\/2024\/06\/428681477_447972717839611_8597469105151272322_n.jpg 1200w\" sizes=\"auto, (max-width: 366px) 100vw, 366px\" \/> <img loading=\"lazy\" decoding=\"async\" class=\"alignnone  wp-image-749\" src=\"http:\/\/saintquentinenvermandois.fr\/wp-content\/uploads\/2024\/06\/447667719_447973397839543_5517087279377268557_n-225x300.jpg\" alt=\"\" width=\"367\" height=\"490\" srcset=\"https:\/\/saintquentinenvermandois.fr\/wp-content\/uploads\/2024\/06\/447667719_447973397839543_5517087279377268557_n-225x300.jpg 225w, https:\/\/saintquentinenvermandois.fr\/wp-content\/uploads\/2024\/06\/447667719_447973397839543_5517087279377268557_n-768x1024.jpg 768w, https:\/\/saintquentinenvermandois.fr\/wp-content\/uploads\/2024\/06\/447667719_447973397839543_5517087279377268557_n-1152x1536.jpg 1152w, https:\/\/saintquentinenvermandois.fr\/wp-content\/uploads\/2024\/06\/447667719_447973397839543_5517087279377268557_n-810x1080.jpg 810w, https:\/\/saintquentinenvermandois.fr\/wp-content\/uploads\/2024\/06\/447667719_447973397839543_5517087279377268557_n.jpg 1200w\" sizes=\"auto, (max-width: 367px) 100vw, 367px\" \/> <img loading=\"lazy\" decoding=\"async\" class=\"alignnone  wp-image-750\" src=\"http:\/\/saintquentinenvermandois.fr\/wp-content\/uploads\/2024\/06\/447898063_447973054506244_2864589948938156641_n-225x300.jpg\" alt=\"\" width=\"367\" height=\"490\" srcset=\"https:\/\/saintquentinenvermandois.fr\/wp-content\/uploads\/2024\/06\/447898063_447973054506244_2864589948938156641_n-225x300.jpg 225w, https:\/\/saintquentinenvermandois.fr\/wp-content\/uploads\/2024\/06\/447898063_447973054506244_2864589948938156641_n-768x1024.jpg 768w, https:\/\/saintquentinenvermandois.fr\/wp-content\/uploads\/2024\/06\/447898063_447973054506244_2864589948938156641_n-1152x1536.jpg 1152w, https:\/\/saintquentinenvermandois.fr\/wp-content\/uploads\/2024\/06\/447898063_447973054506244_2864589948938156641_n-1232x1643.jpg 1232w, https:\/\/saintquentinenvermandois.fr\/wp-content\/uploads\/2024\/06\/447898063_447973054506244_2864589948938156641_n-810x1080.jpg 810w, https:\/\/saintquentinenvermandois.fr\/wp-content\/uploads\/2024\/06\/447898063_447973054506244_2864589948938156641_n.jpg 1512w\" sizes=\"auto, (max-width: 367px) 100vw, 367px\" \/><\/div>\n","protected":false},"excerpt":{"rendered":"<p>Ce dimanche 14 enfants et une adulte ont fait leur premi\u00e8re communion \u00e0 l&#8217;\u00e9glise St Martin. Tr\u00e8s belle c\u00e9l\u00e9bration.<\/p>\n","protected":false},"author":1,"featured_media":747,"comment_status":"open","ping_status":"open","sticky":false,"template":"","format":"standard","meta":{"footnotes":""},"categories":[8],"tags":[],"class_list":["post-746","post","type-post","status-publish","format-standard","has-post-thumbnail","hentry","category-evenement"],"_links":{"self":[{"href":"https:\/\/saintquentinenvermandois.fr\/index.php?rest_route=\/wp\/v2\/posts\/746","targetHints":{"allow":["GET"]}}],"collection":[{"href":"https:\/\/saintquentinenvermandois.fr\/index.php?rest_route=\/wp\/v2\/posts"}],"about":[{"href":"https:\/\/saintquentinenvermandois.fr\/index.php?rest_route=\/wp\/v2\/types\/post"}],"author":[{"embeddable":true,"href":"https:\/\/saintquentinenvermandois.fr\/index.php?rest_route=\/wp\/v2\/users\/1"}],"replies":[{"embeddable":true,"href":"https:\/\/saintquentinenvermandois.fr\/index.php?rest_route=%2Fwp%2Fv2%2Fcomments&post=746"}],"version-history":[{"count":1,"href":"https:\/\/saintquentinenvermandois.fr\/index.php?rest_route=\/wp\/v2\/posts\/746\/revisions"}],"predecessor-version":[{"id":752,"href":"https:\/\/saintquentinenvermandois.fr\/index.php?rest_route=\/wp\/v2\/posts\/746\/revisions\/752"}],"wp:featuredmedia":[{"embeddable":true,"href":"https:\/\/saintquentinenvermandois.fr\/index.php?rest_route=\/wp\/v2\/media\/747"}],"wp:attachment":[{"href":"https:\/\/saintquentinenvermandois.fr\/index.php?rest_route=%2Fwp%2Fv2%2Fmedia&parent=746"}],"wp:term":[{"taxonomy":"category","embeddable":true,"href":"https:\/\/saintquentinenvermandois.fr\/index.php?rest_route=%2Fwp%2Fv2%2Fcategories&post=746"},{"taxonomy":"post_tag","embeddable":true,"href":"https:\/\/saintquentinenvermandois.fr\/index.php?rest_route=%2Fwp%2Fv2%2Ftags&post=746"}],"curies":[{"name":"wp","href":"https:\/\/api.w.org\/{rel}","templated":true}]}}