{"id":806,"date":"2024-10-13T10:10:44","date_gmt":"2024-10-13T08:10:44","guid":{"rendered":"https:\/\/saintquentinenvermandois.fr\/?p=806"},"modified":"2024-10-27T09:09:34","modified_gmt":"2024-10-27T08:09:34","slug":"benediction-des-cartables","status":"publish","type":"post","link":"https:\/\/saintquentinenvermandois.fr\/?p=806","title":{"rendered":"B\u00e9n\u00e9diction des cartables"},"content":{"rendered":"<div class=\"xdj266r x11i5rnm xat24cr x1mh8g0r x1vvkbs x126k92a\">\n<div dir=\"auto\">A l&#8217;\u00e9glise de Gricourt, le P\u00e8re Dominique a b\u00e9ni les cartables et les agendas, pour une ann\u00e9e remplie de joie et de rencontres \u00e0 la suite de J\u00e9sus <span class=\"html-span xexx8yu x4uap5 x18d9i69 xkhd6sd x1hl2dhg x16tdsg8 x1vvkbs x3nfvp2 x1j61x8r x1fcty0u xdj266r xat24cr xgzva0m xhhsvwb xxymvpz xlup9mm x1kky2od\"><img loading=\"lazy\" decoding=\"async\" class=\"xz74otr\" src=\"https:\/\/static.xx.fbcdn.net\/images\/emoji.php\/v9\/t6c\/1\/16\/1f499.png\" alt=\"\ud83d\udc99\" width=\"16\" height=\"16\" \/><br \/>\n<\/span><\/div>\n<div dir=\"auto\">A l&#8217;\u00e9glise Jean XXIII, c&#8217;est le P\u00e8re Stanislas qui a b\u00e9ni les cartables des enfants.<\/div>\n<\/div>\n<div dir=\"auto\"><\/div>\n<div dir=\"auto\"><img loading=\"lazy\" decoding=\"async\" class=\"alignnone size-medium wp-image-810\" src=\"http:\/\/saintquentinenvermandois.fr\/wp-content\/uploads\/2024\/10\/Cartable-1-225x300.jpg\" alt=\"\" width=\"225\" height=\"300\" srcset=\"https:\/\/saintquentinenvermandois.fr\/wp-content\/uploads\/2024\/10\/Cartable-1-225x300.jpg 225w, https:\/\/saintquentinenvermandois.fr\/wp-content\/uploads\/2024\/10\/Cartable-1-768x1024.jpg 768w, https:\/\/saintquentinenvermandois.fr\/wp-content\/uploads\/2024\/10\/Cartable-1-1152x1536.jpg 1152w, https:\/\/saintquentinenvermandois.fr\/wp-content\/uploads\/2024\/10\/Cartable-1-810x1080.jpg 810w, https:\/\/saintquentinenvermandois.fr\/wp-content\/uploads\/2024\/10\/Cartable-1.jpg 1200w\" sizes=\"auto, (max-width: 225px) 100vw, 225px\" \/>\u00a0<img loading=\"lazy\" decoding=\"async\" class=\"alignnone size-medium wp-image-808\" src=\"http:\/\/saintquentinenvermandois.fr\/wp-content\/uploads\/2024\/10\/Cartable-4-284x300.jpg\" alt=\"\" width=\"284\" height=\"300\" srcset=\"https:\/\/saintquentinenvermandois.fr\/wp-content\/uploads\/2024\/10\/Cartable-4-284x300.jpg 284w, https:\/\/saintquentinenvermandois.fr\/wp-content\/uploads\/2024\/10\/Cartable-4-971x1024.jpg 971w, https:\/\/saintquentinenvermandois.fr\/wp-content\/uploads\/2024\/10\/Cartable-4-768x810.jpg 768w, https:\/\/saintquentinenvermandois.fr\/wp-content\/uploads\/2024\/10\/Cartable-4-1024x1080.jpg 1024w, https:\/\/saintquentinenvermandois.fr\/wp-content\/uploads\/2024\/10\/Cartable-4.jpg 1200w\" sizes=\"auto, (max-width: 284px) 100vw, 284px\" \/> <img loading=\"lazy\" decoding=\"async\" class=\"alignnone size-medium wp-image-809\" src=\"http:\/\/saintquentinenvermandois.fr\/wp-content\/uploads\/2024\/10\/Cartable-3-300x215.jpg\" alt=\"\" width=\"300\" height=\"215\" srcset=\"https:\/\/saintquentinenvermandois.fr\/wp-content\/uploads\/2024\/10\/Cartable-3-300x215.jpg 300w, https:\/\/saintquentinenvermandois.fr\/wp-content\/uploads\/2024\/10\/Cartable-3-1024x735.jpg 1024w, https:\/\/saintquentinenvermandois.fr\/wp-content\/uploads\/2024\/10\/Cartable-3-768x552.jpg 768w, https:\/\/saintquentinenvermandois.fr\/wp-content\/uploads\/2024\/10\/Cartable-3-1536x1103.jpg 1536w, https:\/\/saintquentinenvermandois.fr\/wp-content\/uploads\/2024\/10\/Cartable-3-1232x885.jpg 1232w, https:\/\/saintquentinenvermandois.fr\/wp-content\/uploads\/2024\/10\/Cartable-3-1504x1080.jpg 1504w, https:\/\/saintquentinenvermandois.fr\/wp-content\/uploads\/2024\/10\/Cartable-3.jpg 1600w\" sizes=\"auto, (max-width: 300px) 100vw, 300px\" \/><\/div>\n","protected":false},"excerpt":{"rendered":"<p>A l&#8217;\u00e9glise de Gricourt, le P\u00e8re Dominique a b\u00e9ni les cartables et les agendas, pour une ann\u00e9e remplie de joie et de rencontres \u00e0 la suite de J\u00e9sus A l&#8217;\u00e9glise Jean XXIII, c&#8217;est le P\u00e8re Stanislas qui a b\u00e9ni les cartables des enfants. \u00a0<\/p>\n","protected":false},"author":1,"featured_media":807,"comment_status":"open","ping_status":"open","sticky":false,"template":"","format":"standard","meta":{"footnotes":""},"categories":[7],"tags":[],"class_list":["post-806","post","type-post","status-publish","format-standard","has-post-thumbnail","hentry","category-cate"],"_links":{"self":[{"href":"https:\/\/saintquentinenvermandois.fr\/index.php?rest_route=\/wp\/v2\/posts\/806","targetHints":{"allow":["GET"]}}],"collection":[{"href":"https:\/\/saintquentinenvermandois.fr\/index.php?rest_route=\/wp\/v2\/posts"}],"about":[{"href":"https:\/\/saintquentinenvermandois.fr\/index.php?rest_route=\/wp\/v2\/types\/post"}],"author":[{"embeddable":true,"href":"https:\/\/saintquentinenvermandois.fr\/index.php?rest_route=\/wp\/v2\/users\/1"}],"replies":[{"embeddable":true,"href":"https:\/\/saintquentinenvermandois.fr\/index.php?rest_route=%2Fwp%2Fv2%2Fcomments&post=806"}],"version-history":[{"count":1,"href":"https:\/\/saintquentinenvermandois.fr\/index.php?rest_route=\/wp\/v2\/posts\/806\/revisions"}],"predecessor-version":[{"id":811,"href":"https:\/\/saintquentinenvermandois.fr\/index.php?rest_route=\/wp\/v2\/posts\/806\/revisions\/811"}],"wp:featuredmedia":[{"embeddable":true,"href":"https:\/\/saintquentinenvermandois.fr\/index.php?rest_route=\/wp\/v2\/media\/807"}],"wp:attachment":[{"href":"https:\/\/saintquentinenvermandois.fr\/index.php?rest_route=%2Fwp%2Fv2%2Fmedia&parent=806"}],"wp:term":[{"taxonomy":"category","embeddable":true,"href":"https:\/\/saintquentinenvermandois.fr\/index.php?rest_route=%2Fwp%2Fv2%2Fcategories&post=806"},{"taxonomy":"post_tag","embeddable":true,"href":"https:\/\/saintquentinenvermandois.fr\/index.php?rest_route=%2Fwp%2Fv2%2Ftags&post=806"}],"curies":[{"name":"wp","href":"https:\/\/api.w.org\/{rel}","templated":true}]}}