{"id":812,"date":"2024-10-27T09:11:32","date_gmt":"2024-10-27T08:11:32","guid":{"rendered":"https:\/\/saintquentinenvermandois.fr\/?p=812"},"modified":"2024-10-27T09:11:32","modified_gmt":"2024-10-27T08:11:32","slug":"messe-des-jeunes","status":"publish","type":"post","link":"https:\/\/saintquentinenvermandois.fr\/?p=812","title":{"rendered":"Messe des jeunes"},"content":{"rendered":"<div class=\"html-div xdj266r x11i5rnm xat24cr x1mh8g0r xexx8yu x4uap5 x18d9i69 xkhd6sd\">\n<div class=\"html-div xdj266r x11i5rnm xat24cr x1mh8g0r xexx8yu x4uap5 x18d9i69 xkhd6sd\" dir=\"auto\">\n<div class=\"html-div xdj266r x11i5rnm xat24cr x1mh8g0r xexx8yu x4uap5 x18d9i69 xkhd6sd\" data-ad-rendering-role=\"message\">\n<div id=\":r4c:\" class=\"x1l90r2v x1pi30zi x1swvt13 x1iorvi4\" data-ad-comet-preview=\"message\" data-ad-preview=\"message\">\n<div class=\"x78zum5 xdt5ytf xz62fqu x16ldp7u\">\n<div class=\"xu06os2 x1ok221b\">\n<div class=\"x11i5rnm xat24cr x1mh8g0r x1vvkbs xtlvy1s x126k92a\">\n<div dir=\"auto\">La messe des jeunes a \u00e9t\u00e9 pr\u00e9par\u00e9e par les jeunes et pour les jeunes, elle s&#8217;adresse \u00e0 tous les jeunes du Saint Quentinois.<\/div>\n<div dir=\"auto\">N&#8217;h\u00e9site pas \u00e0 y participer, tu es attendu <span class=\"html-span xexx8yu x4uap5 x18d9i69 xkhd6sd x1hl2dhg x16tdsg8 x1vvkbs x3nfvp2 x1j61x8r x1fcty0u xdj266r xat24cr xgzva0m xhhsvwb xxymvpz xlup9mm x1kky2od\"><img loading=\"lazy\" decoding=\"async\" class=\"xz74otr\" src=\"https:\/\/static.xx.fbcdn.net\/images\/emoji.php\/v9\/tb7\/1\/16\/1f917.png\" alt=\"\ud83e\udd17\" width=\"16\" height=\"16\" \/><\/span><\/div>\n<\/div>\n<\/div>\n<\/div>\n<\/div>\n<\/div>\n<\/div>\n<div id=\":r4d:\" class=\"html-div xdj266r x11i5rnm xat24cr x1mh8g0r xexx8yu x4uap5 x18d9i69 xkhd6sd x1n2onr6\">\n<div class=\"html-div xdj266r x11i5rnm xat24cr x1mh8g0r xexx8yu x4uap5 x18d9i69 xkhd6sd x1n2onr6\">\n<div class=\"x6s0dn4 x1jx94hy x78zum5 xdt5ytf x6ikm8r x10wlt62 x1n2onr6 xh8yej3\">\n<div class=\"xqtp20y x6ikm8r x10wlt62 x1n2onr6\">\n<div class=\"x10l6tqk x13vifvy\"><\/div>\n<\/div>\n<\/div>\n<\/div>\n<\/div>\n<\/div>\n<div>\n<div class=\"xabvvm4 xeyy32k x1ia1hqs x1a2w583 x6ikm8r x10wlt62\" data-visualcompletion=\"ignore-dynamic\">\n<div class=\"x1n2onr6\">\n<div class=\"x6s0dn4 xi81zsa x78zum5 x6prxxf x13a6bvl xvq8zen xdj266r xat24cr x1d52u69 xktsk01 x889kno x1a8lsjc xkhd6sd x4uap5 x80vd3b x1q0q8m5 xso031l\">\n<div class=\"x1c4vz4f x2lah0s xci0xqf\"><\/div>\n<div class=\"x9f619 x1ja2u2z x78zum5 x2lah0s x1n2onr6 x1qughib x1qjc9v5 xozqiw3 x1q0g3np xykv574 xbmpl8g x4cne27 xifccgj\"><\/div>\n<\/div>\n<\/div>\n<\/div>\n<\/div>\n","protected":false},"excerpt":{"rendered":"<p>La messe des jeunes a \u00e9t\u00e9 pr\u00e9par\u00e9e par les jeunes et pour les jeunes, elle s&#8217;adresse \u00e0 tous les jeunes du Saint Quentinois. N&#8217;h\u00e9site pas \u00e0 y participer, tu es attendu<\/p>\n","protected":false},"author":1,"featured_media":813,"comment_status":"open","ping_status":"open","sticky":false,"template":"","format":"standard","meta":{"footnotes":""},"categories":[8],"tags":[],"class_list":["post-812","post","type-post","status-publish","format-standard","has-post-thumbnail","hentry","category-evenement"],"_links":{"self":[{"href":"https:\/\/saintquentinenvermandois.fr\/index.php?rest_route=\/wp\/v2\/posts\/812","targetHints":{"allow":["GET"]}}],"collection":[{"href":"https:\/\/saintquentinenvermandois.fr\/index.php?rest_route=\/wp\/v2\/posts"}],"about":[{"href":"https:\/\/saintquentinenvermandois.fr\/index.php?rest_route=\/wp\/v2\/types\/post"}],"author":[{"embeddable":true,"href":"https:\/\/saintquentinenvermandois.fr\/index.php?rest_route=\/wp\/v2\/users\/1"}],"replies":[{"embeddable":true,"href":"https:\/\/saintquentinenvermandois.fr\/index.php?rest_route=%2Fwp%2Fv2%2Fcomments&post=812"}],"version-history":[{"count":1,"href":"https:\/\/saintquentinenvermandois.fr\/index.php?rest_route=\/wp\/v2\/posts\/812\/revisions"}],"predecessor-version":[{"id":814,"href":"https:\/\/saintquentinenvermandois.fr\/index.php?rest_route=\/wp\/v2\/posts\/812\/revisions\/814"}],"wp:featuredmedia":[{"embeddable":true,"href":"https:\/\/saintquentinenvermandois.fr\/index.php?rest_route=\/wp\/v2\/media\/813"}],"wp:attachment":[{"href":"https:\/\/saintquentinenvermandois.fr\/index.php?rest_route=%2Fwp%2Fv2%2Fmedia&parent=812"}],"wp:term":[{"taxonomy":"category","embeddable":true,"href":"https:\/\/saintquentinenvermandois.fr\/index.php?rest_route=%2Fwp%2Fv2%2Fcategories&post=812"},{"taxonomy":"post_tag","embeddable":true,"href":"https:\/\/saintquentinenvermandois.fr\/index.php?rest_route=%2Fwp%2Fv2%2Ftags&post=812"}],"curies":[{"name":"wp","href":"https:\/\/api.w.org\/{rel}","templated":true}]}}